{"id":527886,"date":"2026-09-06T09:12:07","date_gmt":"2026-09-06T07:12:07","guid":{"rendered":"https:\/\/info-des-communes.fr\/?p=527886"},"modified":"2026-09-06T09:12:07","modified_gmt":"2026-09-06T07:12:07","slug":"prenez-le-voile-et-sortez-pourquoi-des-femmes-et-des-hommes-se-filment-voiles-pour-denoncer-la-proposition-du-rn","status":"publish","type":"post","link":"https:\/\/info-des-communes.fr\/?p=527886","title":{"rendered":"\u00ab\u00a0Prenez le voile et sortez\u00a0\u00bb : pourquoi des femmes et des hommes se filment voil\u00e9s pour d\u00e9noncer la proposition du RN"},"content":{"rendered":"<p>Sur les r\u00e9seaux sociaux, des femmes et des hommes choisissent de se filmer avec un foulard sur la t\u00eate, en soutien aux femmes musulmanes et pour d\u00e9noncer la mesure d\u00e9fendue par le Rassemblement national.<\/p>","protected":false},"excerpt":{"rendered":"<p>Sur les r\u00e9seaux sociaux, des femmes et des hommes choisissent de se filmer avec un foulard sur la t\u00eate, en soutien aux femmes musulmanes et pour d\u00e9noncer la mesure d\u00e9fendue [&hellip;]<\/p>\n","protected":false},"author":2,"featured_media":527887,"comment_status":"","ping_status":"closed","sticky":false,"template":"","format":"standard","meta":{"footnotes":""},"categories":[106],"tags":[],"class_list":["post-527886","post","type-post","status-publish","format-standard","has-post-thumbnail","hentry","category-actualites"],"_links":{"self":[{"href":"https:\/\/info-des-communes.fr\/index.php?rest_route=\/wp\/v2\/posts\/527886","targetHints":{"allow":["GET"]}}],"collection":[{"href":"https:\/\/info-des-communes.fr\/index.php?rest_route=\/wp\/v2\/posts"}],"about":[{"href":"https:\/\/info-des-communes.fr\/index.php?rest_route=\/wp\/v2\/types\/post"}],"author":[{"embeddable":true,"href":"https:\/\/info-des-communes.fr\/index.php?rest_route=\/wp\/v2\/users\/2"}],"replies":[{"embeddable":true,"href":"https:\/\/info-des-communes.fr\/index.php?rest_route=%2Fwp%2Fv2%2Fcomments&post=527886"}],"version-history":[{"count":0,"href":"https:\/\/info-des-communes.fr\/index.php?rest_route=\/wp\/v2\/posts\/527886\/revisions"}],"wp:featuredmedia":[{"embeddable":true,"href":"https:\/\/info-des-communes.fr\/index.php?rest_route=\/wp\/v2\/media\/527887"}],"wp:attachment":[{"href":"https:\/\/info-des-communes.fr\/index.php?rest_route=%2Fwp%2Fv2%2Fmedia&parent=527886"}],"wp:term":[{"taxonomy":"category","embeddable":true,"href":"https:\/\/info-des-communes.fr\/index.php?rest_route=%2Fwp%2Fv2%2Fcategories&post=527886"},{"taxonomy":"post_tag","embeddable":true,"href":"https:\/\/info-des-communes.fr\/index.php?rest_route=%2Fwp%2Fv2%2Ftags&post=527886"}],"curies":[{"name":"wp","href":"https:\/\/api.w.org\/{rel}","templated":true}]}}