{"id":527884,"date":"2026-09-06T08:12:06","date_gmt":"2026-09-06T06:12:06","guid":{"rendered":"https:\/\/info-des-communes.fr\/?p=527884"},"modified":"2026-09-06T08:12:06","modified_gmt":"2026-09-06T06:12:06","slug":"six-departements-du-sud-toujours-en-vigilance-orange-canicule-des-temperatures-encore-jamais-atteintes-en-septembre-ont-ete-tres-frequemment-enregistrees","status":"publish","type":"post","link":"https:\/\/info-des-communes.fr\/?p=527884","title":{"rendered":"Six d\u00e9partements du Sud toujours en vigilance orange \u00ab\u00a0canicule\u00a0\u00bb, des temp\u00e9ratures \u00ab\u00a0encore jamais atteintes en septembre\u00a0\u00bb ont \u00e9t\u00e9 \u00ab\u00a0tr\u00e8s fr\u00e9quemment enregistr\u00e9es\u00a0\u00bb"},"content":{"rendered":"<p>Les fortes chaleurs vont persister jusqu&rsquo;\u00e0 lundi en Ard\u00e8che, dans l&rsquo;Aude, la Dr\u00f4me, le Gard, l&rsquo;H\u00e9rault, et le Vaucluse.<\/p>","protected":false},"excerpt":{"rendered":"<p>Les fortes chaleurs vont persister jusqu&rsquo;\u00e0 lundi en Ard\u00e8che, dans l&rsquo;Aude, la Dr\u00f4me, le Gard, l&rsquo;H\u00e9rault, et le Vaucluse.<\/p>\n","protected":false},"author":2,"featured_media":527885,"comment_status":"","ping_status":"closed","sticky":false,"template":"","format":"standard","meta":{"footnotes":""},"categories":[106],"tags":[],"class_list":["post-527884","post","type-post","status-publish","format-standard","has-post-thumbnail","hentry","category-actualites"],"_links":{"self":[{"href":"https:\/\/info-des-communes.fr\/index.php?rest_route=\/wp\/v2\/posts\/527884","targetHints":{"allow":["GET"]}}],"collection":[{"href":"https:\/\/info-des-communes.fr\/index.php?rest_route=\/wp\/v2\/posts"}],"about":[{"href":"https:\/\/info-des-communes.fr\/index.php?rest_route=\/wp\/v2\/types\/post"}],"author":[{"embeddable":true,"href":"https:\/\/info-des-communes.fr\/index.php?rest_route=\/wp\/v2\/users\/2"}],"replies":[{"embeddable":true,"href":"https:\/\/info-des-communes.fr\/index.php?rest_route=%2Fwp%2Fv2%2Fcomments&post=527884"}],"version-history":[{"count":0,"href":"https:\/\/info-des-communes.fr\/index.php?rest_route=\/wp\/v2\/posts\/527884\/revisions"}],"wp:featuredmedia":[{"embeddable":true,"href":"https:\/\/info-des-communes.fr\/index.php?rest_route=\/wp\/v2\/media\/527885"}],"wp:attachment":[{"href":"https:\/\/info-des-communes.fr\/index.php?rest_route=%2Fwp%2Fv2%2Fmedia&parent=527884"}],"wp:term":[{"taxonomy":"category","embeddable":true,"href":"https:\/\/info-des-communes.fr\/index.php?rest_route=%2Fwp%2Fv2%2Fcategories&post=527884"},{"taxonomy":"post_tag","embeddable":true,"href":"https:\/\/info-des-communes.fr\/index.php?rest_route=%2Fwp%2Fv2%2Ftags&post=527884"}],"curies":[{"name":"wp","href":"https:\/\/api.w.org\/{rel}","templated":true}]}}