{"id":527876,"date":"2026-09-06T07:03:28","date_gmt":"2026-09-06T05:03:28","guid":{"rendered":"https:\/\/info-des-communes.fr\/?p=527876"},"modified":"2026-09-06T07:03:28","modified_gmt":"2026-09-06T05:03:28","slug":"il-y-a-une-extrapolation-du-declin-economique-comment-lextreme-droite-allemande-est-arrivee-aux-portes-du-pouvoir-en-saxe-anhalt","status":"publish","type":"post","link":"https:\/\/info-des-communes.fr\/?p=527876","title":{"rendered":"\u00ab\u00a0Il y a une extrapolation du d\u00e9clin \u00e9conomique\u00a0\u00bb\u00a0: comment l&rsquo;extr\u00eame droite allemande est arriv\u00e9e aux portes du pouvoir en Saxe-Anhalt"},"content":{"rendered":"<p>L&rsquo;AfD part favori pour les \u00e9lections r\u00e9gionales dans ce Land, dimanche. Le parti pourrait m\u00eame, pour la premi\u00e8re fois, \u00eatre en mesure de gouverner seul.<\/p>","protected":false},"excerpt":{"rendered":"<p>L&rsquo;AfD part favori pour les \u00e9lections r\u00e9gionales dans ce Land, dimanche. Le parti pourrait m\u00eame, pour la premi\u00e8re fois, \u00eatre en mesure de gouverner seul.<\/p>\n","protected":false},"author":2,"featured_media":527877,"comment_status":"","ping_status":"closed","sticky":false,"template":"","format":"standard","meta":{"footnotes":""},"categories":[106],"tags":[],"class_list":["post-527876","post","type-post","status-publish","format-standard","has-post-thumbnail","hentry","category-actualites"],"_links":{"self":[{"href":"https:\/\/info-des-communes.fr\/index.php?rest_route=\/wp\/v2\/posts\/527876","targetHints":{"allow":["GET"]}}],"collection":[{"href":"https:\/\/info-des-communes.fr\/index.php?rest_route=\/wp\/v2\/posts"}],"about":[{"href":"https:\/\/info-des-communes.fr\/index.php?rest_route=\/wp\/v2\/types\/post"}],"author":[{"embeddable":true,"href":"https:\/\/info-des-communes.fr\/index.php?rest_route=\/wp\/v2\/users\/2"}],"replies":[{"embeddable":true,"href":"https:\/\/info-des-communes.fr\/index.php?rest_route=%2Fwp%2Fv2%2Fcomments&post=527876"}],"version-history":[{"count":0,"href":"https:\/\/info-des-communes.fr\/index.php?rest_route=\/wp\/v2\/posts\/527876\/revisions"}],"wp:featuredmedia":[{"embeddable":true,"href":"https:\/\/info-des-communes.fr\/index.php?rest_route=\/wp\/v2\/media\/527877"}],"wp:attachment":[{"href":"https:\/\/info-des-communes.fr\/index.php?rest_route=%2Fwp%2Fv2%2Fmedia&parent=527876"}],"wp:term":[{"taxonomy":"category","embeddable":true,"href":"https:\/\/info-des-communes.fr\/index.php?rest_route=%2Fwp%2Fv2%2Fcategories&post=527876"},{"taxonomy":"post_tag","embeddable":true,"href":"https:\/\/info-des-communes.fr\/index.php?rest_route=%2Fwp%2Fv2%2Ftags&post=527876"}],"curies":[{"name":"wp","href":"https:\/\/api.w.org\/{rel}","templated":true}]}}