{"id":527873,"date":"2026-09-05T17:14:49","date_gmt":"2026-09-05T15:14:49","guid":{"rendered":"https:\/\/info-des-communes.fr\/?p=527873"},"modified":"2026-09-05T17:14:49","modified_gmt":"2026-09-05T15:14:49","slug":"pole-position-pour-le-francais-pierre-gasly-au-grand-prix-ditalie-une-premiere-tricolore-depuis-1997-en-formule-1","status":"publish","type":"post","link":"https:\/\/info-des-communes.fr\/?p=527873","title":{"rendered":"Pole position pour le Fran\u00e7ais Pierre Gasly au Grand Prix d&rsquo;Italie, une premi\u00e8re tricolore depuis 1997 en Formule 1"},"content":{"rendered":"<p>Le pilote d&rsquo;Alpine a r\u00e9alis\u00e9 une performance majuscule, samedi, lors des qualifications du Grand Prix d&rsquo;Italie. Pour la premi\u00e8re fois de sa carri\u00e8re, Pierre Gasly partira en pole position, dimanche.<\/p>","protected":false},"excerpt":{"rendered":"<p>Le pilote d&rsquo;Alpine a r\u00e9alis\u00e9 une performance majuscule, samedi, lors des qualifications du Grand Prix d&rsquo;Italie. Pour la premi\u00e8re fois de sa carri\u00e8re, Pierre Gasly partira en pole position, dimanche.<\/p>\n","protected":false},"author":2,"featured_media":527874,"comment_status":"","ping_status":"closed","sticky":false,"template":"","format":"standard","meta":{"footnotes":""},"categories":[106],"tags":[],"class_list":["post-527873","post","type-post","status-publish","format-standard","has-post-thumbnail","hentry","category-actualites"],"_links":{"self":[{"href":"https:\/\/info-des-communes.fr\/index.php?rest_route=\/wp\/v2\/posts\/527873","targetHints":{"allow":["GET"]}}],"collection":[{"href":"https:\/\/info-des-communes.fr\/index.php?rest_route=\/wp\/v2\/posts"}],"about":[{"href":"https:\/\/info-des-communes.fr\/index.php?rest_route=\/wp\/v2\/types\/post"}],"author":[{"embeddable":true,"href":"https:\/\/info-des-communes.fr\/index.php?rest_route=\/wp\/v2\/users\/2"}],"replies":[{"embeddable":true,"href":"https:\/\/info-des-communes.fr\/index.php?rest_route=%2Fwp%2Fv2%2Fcomments&post=527873"}],"version-history":[{"count":0,"href":"https:\/\/info-des-communes.fr\/index.php?rest_route=\/wp\/v2\/posts\/527873\/revisions"}],"wp:featuredmedia":[{"embeddable":true,"href":"https:\/\/info-des-communes.fr\/index.php?rest_route=\/wp\/v2\/media\/527874"}],"wp:attachment":[{"href":"https:\/\/info-des-communes.fr\/index.php?rest_route=%2Fwp%2Fv2%2Fmedia&parent=527873"}],"wp:term":[{"taxonomy":"category","embeddable":true,"href":"https:\/\/info-des-communes.fr\/index.php?rest_route=%2Fwp%2Fv2%2Fcategories&post=527873"},{"taxonomy":"post_tag","embeddable":true,"href":"https:\/\/info-des-communes.fr\/index.php?rest_route=%2Fwp%2Fv2%2Ftags&post=527873"}],"curies":[{"name":"wp","href":"https:\/\/api.w.org\/{rel}","templated":true}]}}