{"id":527869,"date":"2026-09-05T15:59:28","date_gmt":"2026-09-05T13:59:28","guid":{"rendered":"https:\/\/info-des-communes.fr\/?p=527869"},"modified":"2026-09-05T15:59:28","modified_gmt":"2026-09-05T13:59:28","slug":"au-liban-des-frappes-israeliennes-dans-le-sud-et-lest-font-quatre-morts-et-32-blesses","status":"publish","type":"post","link":"https:\/\/info-des-communes.fr\/?p=527869","title":{"rendered":"Au Liban, des frappes isra\u00e9liennes dans le sud et l&rsquo;est font quatre morts et 32 bless\u00e9s"},"content":{"rendered":"<p>Le minist\u00e8re de la Sant\u00e9 du Liban a fait \u00e9tat de frappes sur cinq localit\u00e9s, situ\u00e9es dans les r\u00e9gions m\u00e9ridionales de Tyr et Nabatiy\u00e9, et dans la B\u00e9kaa, dans l&rsquo;est du pays.<\/p>","protected":false},"excerpt":{"rendered":"<p>Le minist\u00e8re de la Sant\u00e9 du Liban a fait \u00e9tat de frappes sur cinq localit\u00e9s, situ\u00e9es dans les r\u00e9gions m\u00e9ridionales de Tyr et Nabatiy\u00e9, et dans la B\u00e9kaa, dans l&rsquo;est [&hellip;]<\/p>\n","protected":false},"author":2,"featured_media":527870,"comment_status":"","ping_status":"closed","sticky":false,"template":"","format":"standard","meta":{"footnotes":""},"categories":[106],"tags":[],"class_list":["post-527869","post","type-post","status-publish","format-standard","has-post-thumbnail","hentry","category-actualites"],"_links":{"self":[{"href":"https:\/\/info-des-communes.fr\/index.php?rest_route=\/wp\/v2\/posts\/527869","targetHints":{"allow":["GET"]}}],"collection":[{"href":"https:\/\/info-des-communes.fr\/index.php?rest_route=\/wp\/v2\/posts"}],"about":[{"href":"https:\/\/info-des-communes.fr\/index.php?rest_route=\/wp\/v2\/types\/post"}],"author":[{"embeddable":true,"href":"https:\/\/info-des-communes.fr\/index.php?rest_route=\/wp\/v2\/users\/2"}],"replies":[{"embeddable":true,"href":"https:\/\/info-des-communes.fr\/index.php?rest_route=%2Fwp%2Fv2%2Fcomments&post=527869"}],"version-history":[{"count":0,"href":"https:\/\/info-des-communes.fr\/index.php?rest_route=\/wp\/v2\/posts\/527869\/revisions"}],"wp:featuredmedia":[{"embeddable":true,"href":"https:\/\/info-des-communes.fr\/index.php?rest_route=\/wp\/v2\/media\/527870"}],"wp:attachment":[{"href":"https:\/\/info-des-communes.fr\/index.php?rest_route=%2Fwp%2Fv2%2Fmedia&parent=527869"}],"wp:term":[{"taxonomy":"category","embeddable":true,"href":"https:\/\/info-des-communes.fr\/index.php?rest_route=%2Fwp%2Fv2%2Fcategories&post=527869"},{"taxonomy":"post_tag","embeddable":true,"href":"https:\/\/info-des-communes.fr\/index.php?rest_route=%2Fwp%2Fv2%2Ftags&post=527869"}],"curies":[{"name":"wp","href":"https:\/\/api.w.org\/{rel}","templated":true}]}}