{"id":527861,"date":"2026-09-05T13:03:56","date_gmt":"2026-09-05T11:03:56","guid":{"rendered":"https:\/\/info-des-communes.fr\/?p=527861"},"modified":"2026-09-05T13:03:56","modified_gmt":"2026-09-05T11:03:56","slug":"fetes-juives-de-septembre-laurent-nunez-demande-aux-prefets-de-renforcer-la-securite-des-lieux-de-culte-juifs","status":"publish","type":"post","link":"https:\/\/info-des-communes.fr\/?p=527861","title":{"rendered":"F\u00eates juives de septembre : Laurent Nu\u00f1ez demande aux pr\u00e9fets de renforcer la s\u00e9curit\u00e9 des lieux de culte juifs"},"content":{"rendered":"<p>\u00c0 l\u2019approche des f\u00eates juives, le ministre de l\u2019Int\u00e9rieur, Laurent Nu\u00f1ez, appelle les forces de l\u2019ordre \u00e0 une vigilance renforc\u00e9e face \u00e0 la menace terroriste et aux actes antis\u00e9mites.<\/p>","protected":false},"excerpt":{"rendered":"<p>\u00c0 l\u2019approche des f\u00eates juives, le ministre de l\u2019Int\u00e9rieur, Laurent Nu\u00f1ez, appelle les forces de l\u2019ordre \u00e0 une vigilance renforc\u00e9e face \u00e0 la menace terroriste et aux actes antis\u00e9mites.<\/p>\n","protected":false},"author":2,"featured_media":527862,"comment_status":"","ping_status":"closed","sticky":false,"template":"","format":"standard","meta":{"footnotes":""},"categories":[106],"tags":[],"class_list":["post-527861","post","type-post","status-publish","format-standard","has-post-thumbnail","hentry","category-actualites"],"_links":{"self":[{"href":"https:\/\/info-des-communes.fr\/index.php?rest_route=\/wp\/v2\/posts\/527861","targetHints":{"allow":["GET"]}}],"collection":[{"href":"https:\/\/info-des-communes.fr\/index.php?rest_route=\/wp\/v2\/posts"}],"about":[{"href":"https:\/\/info-des-communes.fr\/index.php?rest_route=\/wp\/v2\/types\/post"}],"author":[{"embeddable":true,"href":"https:\/\/info-des-communes.fr\/index.php?rest_route=\/wp\/v2\/users\/2"}],"replies":[{"embeddable":true,"href":"https:\/\/info-des-communes.fr\/index.php?rest_route=%2Fwp%2Fv2%2Fcomments&post=527861"}],"version-history":[{"count":0,"href":"https:\/\/info-des-communes.fr\/index.php?rest_route=\/wp\/v2\/posts\/527861\/revisions"}],"wp:featuredmedia":[{"embeddable":true,"href":"https:\/\/info-des-communes.fr\/index.php?rest_route=\/wp\/v2\/media\/527862"}],"wp:attachment":[{"href":"https:\/\/info-des-communes.fr\/index.php?rest_route=%2Fwp%2Fv2%2Fmedia&parent=527861"}],"wp:term":[{"taxonomy":"category","embeddable":true,"href":"https:\/\/info-des-communes.fr\/index.php?rest_route=%2Fwp%2Fv2%2Fcategories&post=527861"},{"taxonomy":"post_tag","embeddable":true,"href":"https:\/\/info-des-communes.fr\/index.php?rest_route=%2Fwp%2Fv2%2Ftags&post=527861"}],"curies":[{"name":"wp","href":"https:\/\/api.w.org\/{rel}","templated":true}]}}