{"id":527859,"date":"2026-09-05T13:15:07","date_gmt":"2026-09-05T11:15:07","guid":{"rendered":"https:\/\/info-des-communes.fr\/?p=527859"},"modified":"2026-09-05T13:15:07","modified_gmt":"2026-09-05T11:15:07","slug":"judo-blesse-a-lepaule-teddy-riner-declare-forfait-pour-les-championnats-du-monde","status":"publish","type":"post","link":"https:\/\/info-des-communes.fr\/?p=527859","title":{"rendered":"Judo : bless\u00e9 \u00e0 l&rsquo;\u00e9paule, Teddy Riner d\u00e9clare forfait pour les championnats du monde"},"content":{"rendered":"<p>Le quintuple champion olympique a d\u00e9cid\u00e9 de repousser son retour \u00e0 la comp\u00e9tition, samedi, insuffisamment remis d&rsquo;une blessure \u00e0 l&rsquo;\u00e9paule.<\/p>","protected":false},"excerpt":{"rendered":"<p>Le quintuple champion olympique a d\u00e9cid\u00e9 de repousser son retour \u00e0 la comp\u00e9tition, samedi, insuffisamment remis d&rsquo;une blessure \u00e0 l&rsquo;\u00e9paule.<\/p>\n","protected":false},"author":2,"featured_media":527860,"comment_status":"","ping_status":"closed","sticky":false,"template":"","format":"standard","meta":{"footnotes":""},"categories":[106],"tags":[],"class_list":["post-527859","post","type-post","status-publish","format-standard","has-post-thumbnail","hentry","category-actualites"],"_links":{"self":[{"href":"https:\/\/info-des-communes.fr\/index.php?rest_route=\/wp\/v2\/posts\/527859","targetHints":{"allow":["GET"]}}],"collection":[{"href":"https:\/\/info-des-communes.fr\/index.php?rest_route=\/wp\/v2\/posts"}],"about":[{"href":"https:\/\/info-des-communes.fr\/index.php?rest_route=\/wp\/v2\/types\/post"}],"author":[{"embeddable":true,"href":"https:\/\/info-des-communes.fr\/index.php?rest_route=\/wp\/v2\/users\/2"}],"replies":[{"embeddable":true,"href":"https:\/\/info-des-communes.fr\/index.php?rest_route=%2Fwp%2Fv2%2Fcomments&post=527859"}],"version-history":[{"count":0,"href":"https:\/\/info-des-communes.fr\/index.php?rest_route=\/wp\/v2\/posts\/527859\/revisions"}],"wp:featuredmedia":[{"embeddable":true,"href":"https:\/\/info-des-communes.fr\/index.php?rest_route=\/wp\/v2\/media\/527860"}],"wp:attachment":[{"href":"https:\/\/info-des-communes.fr\/index.php?rest_route=%2Fwp%2Fv2%2Fmedia&parent=527859"}],"wp:term":[{"taxonomy":"category","embeddable":true,"href":"https:\/\/info-des-communes.fr\/index.php?rest_route=%2Fwp%2Fv2%2Fcategories&post=527859"},{"taxonomy":"post_tag","embeddable":true,"href":"https:\/\/info-des-communes.fr\/index.php?rest_route=%2Fwp%2Fv2%2Ftags&post=527859"}],"curies":[{"name":"wp","href":"https:\/\/api.w.org\/{rel}","templated":true}]}}