{"id":527857,"date":"2026-09-05T12:28:39","date_gmt":"2026-09-05T10:28:39","guid":{"rendered":"https:\/\/info-des-communes.fr\/?p=527857"},"modified":"2026-09-05T12:28:39","modified_gmt":"2026-09-05T10:28:39","slug":"apres-sa-chute-sur-la-vuelta-tadej-pogacar-met-un-terme-a-sa-saison-et-prolonge-chez-uae-team-emirates-jusquen-2032","status":"publish","type":"post","link":"https:\/\/info-des-communes.fr\/?p=527857","title":{"rendered":"Apr\u00e8s sa chute sur la Vuelta, Tadej Pogacar met un terme \u00e0 sa saison et prolonge chez UAE Team Emirates jusqu&rsquo;en 2032"},"content":{"rendered":"<p>Le Slov\u00e8ne a subi une lourde chute lors de la 8e \u00e9tape de la Vuelta, et a d\u00fb se faire op\u00e9rer apr\u00e8s une fracture de la clavicule.<\/p>","protected":false},"excerpt":{"rendered":"<p>Le Slov\u00e8ne a subi une lourde chute lors de la 8e \u00e9tape de la Vuelta, et a d\u00fb se faire op\u00e9rer apr\u00e8s une fracture de la clavicule.<\/p>\n","protected":false},"author":2,"featured_media":527858,"comment_status":"","ping_status":"closed","sticky":false,"template":"","format":"standard","meta":{"footnotes":""},"categories":[106],"tags":[],"class_list":["post-527857","post","type-post","status-publish","format-standard","has-post-thumbnail","hentry","category-actualites"],"_links":{"self":[{"href":"https:\/\/info-des-communes.fr\/index.php?rest_route=\/wp\/v2\/posts\/527857","targetHints":{"allow":["GET"]}}],"collection":[{"href":"https:\/\/info-des-communes.fr\/index.php?rest_route=\/wp\/v2\/posts"}],"about":[{"href":"https:\/\/info-des-communes.fr\/index.php?rest_route=\/wp\/v2\/types\/post"}],"author":[{"embeddable":true,"href":"https:\/\/info-des-communes.fr\/index.php?rest_route=\/wp\/v2\/users\/2"}],"replies":[{"embeddable":true,"href":"https:\/\/info-des-communes.fr\/index.php?rest_route=%2Fwp%2Fv2%2Fcomments&post=527857"}],"version-history":[{"count":0,"href":"https:\/\/info-des-communes.fr\/index.php?rest_route=\/wp\/v2\/posts\/527857\/revisions"}],"wp:featuredmedia":[{"embeddable":true,"href":"https:\/\/info-des-communes.fr\/index.php?rest_route=\/wp\/v2\/media\/527858"}],"wp:attachment":[{"href":"https:\/\/info-des-communes.fr\/index.php?rest_route=%2Fwp%2Fv2%2Fmedia&parent=527857"}],"wp:term":[{"taxonomy":"category","embeddable":true,"href":"https:\/\/info-des-communes.fr\/index.php?rest_route=%2Fwp%2Fv2%2Fcategories&post=527857"},{"taxonomy":"post_tag","embeddable":true,"href":"https:\/\/info-des-communes.fr\/index.php?rest_route=%2Fwp%2Fv2%2Ftags&post=527857"}],"curies":[{"name":"wp","href":"https:\/\/api.w.org\/{rel}","templated":true}]}}