{"id":527855,"date":"2026-09-05T11:31:45","date_gmt":"2026-09-05T09:31:45","guid":{"rendered":"https:\/\/info-des-communes.fr\/?p=527855"},"modified":"2026-09-05T11:31:45","modified_gmt":"2026-09-05T09:31:45","slug":"piratage-du-fisc-le-suspect-de-18-ans-deja-mis-en-examen-dans-le-vol-de-donnees-de-free-le-second-suspect-mis-en-examen-dans-un-autre-dossier","status":"publish","type":"post","link":"https:\/\/info-des-communes.fr\/?p=527855","title":{"rendered":"Piratage du fisc : le suspect de 18 ans d\u00e9j\u00e0 mis en examen dans le vol de donn\u00e9es de Free, le second suspect mis en examen dans un autre dossier"},"content":{"rendered":"<p>Le jeune homme de 18 ans plac\u00e9 en d\u00e9tention provisoire apr\u00e8s la cyberattaque de la DGFiP \u00e9tait d\u00e9j\u00e0 mis en examen dans deux autres affaires de piratage, dont la fuite massive de donn\u00e9es de Free. Le second suspect, mineur, est \u00e9galement vis\u00e9 dans une autre enqu\u00eate li\u00e9e au collectif \u00ab\u00a0Epsilon\u00a0\u00bb.<\/p>","protected":false},"excerpt":{"rendered":"<p>Le jeune homme de 18 ans plac\u00e9 en d\u00e9tention provisoire apr\u00e8s la cyberattaque de la DGFiP \u00e9tait d\u00e9j\u00e0 mis en examen dans deux autres affaires de piratage, dont la fuite [&hellip;]<\/p>\n","protected":false},"author":2,"featured_media":527856,"comment_status":"","ping_status":"closed","sticky":false,"template":"","format":"standard","meta":{"footnotes":""},"categories":[106],"tags":[],"class_list":["post-527855","post","type-post","status-publish","format-standard","has-post-thumbnail","hentry","category-actualites"],"_links":{"self":[{"href":"https:\/\/info-des-communes.fr\/index.php?rest_route=\/wp\/v2\/posts\/527855","targetHints":{"allow":["GET"]}}],"collection":[{"href":"https:\/\/info-des-communes.fr\/index.php?rest_route=\/wp\/v2\/posts"}],"about":[{"href":"https:\/\/info-des-communes.fr\/index.php?rest_route=\/wp\/v2\/types\/post"}],"author":[{"embeddable":true,"href":"https:\/\/info-des-communes.fr\/index.php?rest_route=\/wp\/v2\/users\/2"}],"replies":[{"embeddable":true,"href":"https:\/\/info-des-communes.fr\/index.php?rest_route=%2Fwp%2Fv2%2Fcomments&post=527855"}],"version-history":[{"count":0,"href":"https:\/\/info-des-communes.fr\/index.php?rest_route=\/wp\/v2\/posts\/527855\/revisions"}],"wp:featuredmedia":[{"embeddable":true,"href":"https:\/\/info-des-communes.fr\/index.php?rest_route=\/wp\/v2\/media\/527856"}],"wp:attachment":[{"href":"https:\/\/info-des-communes.fr\/index.php?rest_route=%2Fwp%2Fv2%2Fmedia&parent=527855"}],"wp:term":[{"taxonomy":"category","embeddable":true,"href":"https:\/\/info-des-communes.fr\/index.php?rest_route=%2Fwp%2Fv2%2Fcategories&post=527855"},{"taxonomy":"post_tag","embeddable":true,"href":"https:\/\/info-des-communes.fr\/index.php?rest_route=%2Fwp%2Fv2%2Ftags&post=527855"}],"curies":[{"name":"wp","href":"https:\/\/api.w.org\/{rel}","templated":true}]}}