{"id":527853,"date":"2026-09-05T10:59:05","date_gmt":"2026-09-05T08:59:05","guid":{"rendered":"https:\/\/info-des-communes.fr\/?p=527853"},"modified":"2026-09-05T10:59:05","modified_gmt":"2026-09-05T08:59:05","slug":"trois-hommes-soupconnes-de-projeter-un-depart-vers-letat-islamique-et-une-attaque-antisemite-mis-en-examen","status":"publish","type":"post","link":"https:\/\/info-des-communes.fr\/?p=527853","title":{"rendered":"Trois hommes soup\u00e7onn\u00e9s de projeter un d\u00e9part vers l&rsquo;Etat islamique et une attaque antis\u00e9mite mis en examen"},"content":{"rendered":"<p>Arr\u00eat\u00e9s mardi, les suspects ont \u00e9t\u00e9 plac\u00e9s en d\u00e9tention dans la foul\u00e9e de leur mise en examen, dans la nuit de vendredi \u00e0 samedi.<\/p>","protected":false},"excerpt":{"rendered":"<p>Arr\u00eat\u00e9s mardi, les suspects ont \u00e9t\u00e9 plac\u00e9s en d\u00e9tention dans la foul\u00e9e de leur mise en examen, dans la nuit de vendredi \u00e0 samedi.<\/p>\n","protected":false},"author":2,"featured_media":527854,"comment_status":"","ping_status":"closed","sticky":false,"template":"","format":"standard","meta":{"footnotes":""},"categories":[106],"tags":[],"class_list":["post-527853","post","type-post","status-publish","format-standard","has-post-thumbnail","hentry","category-actualites"],"_links":{"self":[{"href":"https:\/\/info-des-communes.fr\/index.php?rest_route=\/wp\/v2\/posts\/527853","targetHints":{"allow":["GET"]}}],"collection":[{"href":"https:\/\/info-des-communes.fr\/index.php?rest_route=\/wp\/v2\/posts"}],"about":[{"href":"https:\/\/info-des-communes.fr\/index.php?rest_route=\/wp\/v2\/types\/post"}],"author":[{"embeddable":true,"href":"https:\/\/info-des-communes.fr\/index.php?rest_route=\/wp\/v2\/users\/2"}],"replies":[{"embeddable":true,"href":"https:\/\/info-des-communes.fr\/index.php?rest_route=%2Fwp%2Fv2%2Fcomments&post=527853"}],"version-history":[{"count":0,"href":"https:\/\/info-des-communes.fr\/index.php?rest_route=\/wp\/v2\/posts\/527853\/revisions"}],"wp:featuredmedia":[{"embeddable":true,"href":"https:\/\/info-des-communes.fr\/index.php?rest_route=\/wp\/v2\/media\/527854"}],"wp:attachment":[{"href":"https:\/\/info-des-communes.fr\/index.php?rest_route=%2Fwp%2Fv2%2Fmedia&parent=527853"}],"wp:term":[{"taxonomy":"category","embeddable":true,"href":"https:\/\/info-des-communes.fr\/index.php?rest_route=%2Fwp%2Fv2%2Fcategories&post=527853"},{"taxonomy":"post_tag","embeddable":true,"href":"https:\/\/info-des-communes.fr\/index.php?rest_route=%2Fwp%2Fv2%2Ftags&post=527853"}],"curies":[{"name":"wp","href":"https:\/\/api.w.org\/{rel}","templated":true}]}}