{"id":527847,"date":"2026-09-05T09:32:14","date_gmt":"2026-09-05T07:32:14","guid":{"rendered":"https:\/\/info-des-communes.fr\/?p=527847"},"modified":"2026-09-05T09:32:14","modified_gmt":"2026-09-05T07:32:14","slug":"val-doise-un-rassemblement-ce-samedi-a-pontoise-apres-la-mort-par-asphyxie-dun-jeune-homme-suspecte-davoir-braque-une-bijouterie","status":"publish","type":"post","link":"https:\/\/info-des-communes.fr\/?p=527847","title":{"rendered":"Val-d&rsquo;Oise : un rassemblement ce samedi \u00e0 Pontoise apr\u00e8s la mort \u00ab\u00a0par asphyxie\u00a0\u00bb d&rsquo;un jeune homme suspect\u00e9 d&rsquo;avoir braqu\u00e9 une bijouterie"},"content":{"rendered":"<p>Un an jour pour jour apr\u00e8s la mort de Dylan lors d&rsquo;un braquage, sa famille r\u00e9clame la v\u00e9rit\u00e9 sur les circonstances de la mort du jeune homme. Un rassemblement est organis\u00e9 ce samedi \u00e0 Pontoise pour demander justice.<\/p>","protected":false},"excerpt":{"rendered":"<p>Un an jour pour jour apr\u00e8s la mort de Dylan lors d&rsquo;un braquage, sa famille r\u00e9clame la v\u00e9rit\u00e9 sur les circonstances de la mort du jeune homme. Un rassemblement est [&hellip;]<\/p>\n","protected":false},"author":2,"featured_media":527848,"comment_status":"","ping_status":"closed","sticky":false,"template":"","format":"standard","meta":{"footnotes":""},"categories":[106],"tags":[],"class_list":["post-527847","post","type-post","status-publish","format-standard","has-post-thumbnail","hentry","category-actualites"],"_links":{"self":[{"href":"https:\/\/info-des-communes.fr\/index.php?rest_route=\/wp\/v2\/posts\/527847","targetHints":{"allow":["GET"]}}],"collection":[{"href":"https:\/\/info-des-communes.fr\/index.php?rest_route=\/wp\/v2\/posts"}],"about":[{"href":"https:\/\/info-des-communes.fr\/index.php?rest_route=\/wp\/v2\/types\/post"}],"author":[{"embeddable":true,"href":"https:\/\/info-des-communes.fr\/index.php?rest_route=\/wp\/v2\/users\/2"}],"replies":[{"embeddable":true,"href":"https:\/\/info-des-communes.fr\/index.php?rest_route=%2Fwp%2Fv2%2Fcomments&post=527847"}],"version-history":[{"count":0,"href":"https:\/\/info-des-communes.fr\/index.php?rest_route=\/wp\/v2\/posts\/527847\/revisions"}],"wp:featuredmedia":[{"embeddable":true,"href":"https:\/\/info-des-communes.fr\/index.php?rest_route=\/wp\/v2\/media\/527848"}],"wp:attachment":[{"href":"https:\/\/info-des-communes.fr\/index.php?rest_route=%2Fwp%2Fv2%2Fmedia&parent=527847"}],"wp:term":[{"taxonomy":"category","embeddable":true,"href":"https:\/\/info-des-communes.fr\/index.php?rest_route=%2Fwp%2Fv2%2Fcategories&post=527847"},{"taxonomy":"post_tag","embeddable":true,"href":"https:\/\/info-des-communes.fr\/index.php?rest_route=%2Fwp%2Fv2%2Ftags&post=527847"}],"curies":[{"name":"wp","href":"https:\/\/api.w.org\/{rel}","templated":true}]}}