{"id":527845,"date":"2026-09-05T10:08:58","date_gmt":"2026-09-05T08:08:58","guid":{"rendered":"https:\/\/info-des-communes.fr\/?p=527845"},"modified":"2026-09-05T10:08:58","modified_gmt":"2026-09-05T08:08:58","slug":"election-presidentielle-entre-le-rassemblement-national-et-moi-il-y-a-deux-mondes-lance-gabriel-attal-a-la-braderie-de-lille","status":"publish","type":"post","link":"https:\/\/info-des-communes.fr\/?p=527845","title":{"rendered":"Election pr\u00e9sidentielle : \u00ab\u00a0entre le Rassemblement national et moi, il y a deux mondes\u00a0\u00bb, lance Gabriel Attal \u00e0 la braderie de Lille"},"content":{"rendered":"<p>La braderie de Lille, lanc\u00e9e au Moyen-\u00e2ge, est l&rsquo;un des \u00e9v\u00e9nements les plus embl\u00e9matiques de la vie lilloise. Mais il s&rsquo;agit aussi d&rsquo;un lieu pris\u00e9 des personnalit\u00e9s politiques nationales.<\/p>","protected":false},"excerpt":{"rendered":"<p>La braderie de Lille, lanc\u00e9e au Moyen-\u00e2ge, est l&rsquo;un des \u00e9v\u00e9nements les plus embl\u00e9matiques de la vie lilloise. Mais il s&rsquo;agit aussi d&rsquo;un lieu pris\u00e9 des personnalit\u00e9s politiques nationales.<\/p>\n","protected":false},"author":2,"featured_media":527846,"comment_status":"","ping_status":"closed","sticky":false,"template":"","format":"standard","meta":{"footnotes":""},"categories":[106],"tags":[],"class_list":["post-527845","post","type-post","status-publish","format-standard","has-post-thumbnail","hentry","category-actualites"],"_links":{"self":[{"href":"https:\/\/info-des-communes.fr\/index.php?rest_route=\/wp\/v2\/posts\/527845","targetHints":{"allow":["GET"]}}],"collection":[{"href":"https:\/\/info-des-communes.fr\/index.php?rest_route=\/wp\/v2\/posts"}],"about":[{"href":"https:\/\/info-des-communes.fr\/index.php?rest_route=\/wp\/v2\/types\/post"}],"author":[{"embeddable":true,"href":"https:\/\/info-des-communes.fr\/index.php?rest_route=\/wp\/v2\/users\/2"}],"replies":[{"embeddable":true,"href":"https:\/\/info-des-communes.fr\/index.php?rest_route=%2Fwp%2Fv2%2Fcomments&post=527845"}],"version-history":[{"count":0,"href":"https:\/\/info-des-communes.fr\/index.php?rest_route=\/wp\/v2\/posts\/527845\/revisions"}],"wp:featuredmedia":[{"embeddable":true,"href":"https:\/\/info-des-communes.fr\/index.php?rest_route=\/wp\/v2\/media\/527846"}],"wp:attachment":[{"href":"https:\/\/info-des-communes.fr\/index.php?rest_route=%2Fwp%2Fv2%2Fmedia&parent=527845"}],"wp:term":[{"taxonomy":"category","embeddable":true,"href":"https:\/\/info-des-communes.fr\/index.php?rest_route=%2Fwp%2Fv2%2Fcategories&post=527845"},{"taxonomy":"post_tag","embeddable":true,"href":"https:\/\/info-des-communes.fr\/index.php?rest_route=%2Fwp%2Fv2%2Ftags&post=527845"}],"curies":[{"name":"wp","href":"https:\/\/api.w.org\/{rel}","templated":true}]}}