{"id":527841,"date":"2026-09-05T07:05:59","date_gmt":"2026-09-05T05:05:59","guid":{"rendered":"https:\/\/info-des-communes.fr\/?p=527841"},"modified":"2026-09-05T07:05:59","modified_gmt":"2026-09-05T05:05:59","slug":"quon-laime-ou-pas-son-avis-compte-michel-edouard-leclerc-de-moins-en-moins-commercant-de-plus-en-plus-politique","status":"publish","type":"post","link":"https:\/\/info-des-communes.fr\/?p=527841","title":{"rendered":"\u00ab\u00a0Qu&rsquo;on l&rsquo;aime ou pas, son avis compte\u00a0\u00bb : Michel-Edouard Leclerc, de moins en moins commer\u00e7ant, de plus en plus politique"},"content":{"rendered":"<p>Le porte-parole du groupe E.Leclerc a entretenu, durant plusieurs mois, le doute sur ses envies \u00e9lys\u00e9ennes, avant de fermer d\u00e9finitivement la porte au JT de 20\u00a0heures de France\u00a02, lundi. Mais l&rsquo;entrepreneur breton n&rsquo;a pas pour autant renonc\u00e9 \u00e0 la vie publique.<\/p>","protected":false},"excerpt":{"rendered":"<p>Le porte-parole du groupe E.Leclerc a entretenu, durant plusieurs mois, le doute sur ses envies \u00e9lys\u00e9ennes, avant de fermer d\u00e9finitivement la porte au JT de 20\u00a0heures de France\u00a02, lundi. Mais [&hellip;]<\/p>\n","protected":false},"author":2,"featured_media":527842,"comment_status":"","ping_status":"closed","sticky":false,"template":"","format":"standard","meta":{"footnotes":""},"categories":[106],"tags":[],"class_list":["post-527841","post","type-post","status-publish","format-standard","has-post-thumbnail","hentry","category-actualites"],"_links":{"self":[{"href":"https:\/\/info-des-communes.fr\/index.php?rest_route=\/wp\/v2\/posts\/527841","targetHints":{"allow":["GET"]}}],"collection":[{"href":"https:\/\/info-des-communes.fr\/index.php?rest_route=\/wp\/v2\/posts"}],"about":[{"href":"https:\/\/info-des-communes.fr\/index.php?rest_route=\/wp\/v2\/types\/post"}],"author":[{"embeddable":true,"href":"https:\/\/info-des-communes.fr\/index.php?rest_route=\/wp\/v2\/users\/2"}],"replies":[{"embeddable":true,"href":"https:\/\/info-des-communes.fr\/index.php?rest_route=%2Fwp%2Fv2%2Fcomments&post=527841"}],"version-history":[{"count":0,"href":"https:\/\/info-des-communes.fr\/index.php?rest_route=\/wp\/v2\/posts\/527841\/revisions"}],"wp:featuredmedia":[{"embeddable":true,"href":"https:\/\/info-des-communes.fr\/index.php?rest_route=\/wp\/v2\/media\/527842"}],"wp:attachment":[{"href":"https:\/\/info-des-communes.fr\/index.php?rest_route=%2Fwp%2Fv2%2Fmedia&parent=527841"}],"wp:term":[{"taxonomy":"category","embeddable":true,"href":"https:\/\/info-des-communes.fr\/index.php?rest_route=%2Fwp%2Fv2%2Fcategories&post=527841"},{"taxonomy":"post_tag","embeddable":true,"href":"https:\/\/info-des-communes.fr\/index.php?rest_route=%2Fwp%2Fv2%2Ftags&post=527841"}],"curies":[{"name":"wp","href":"https:\/\/api.w.org\/{rel}","templated":true}]}}