{"id":527835,"date":"2026-09-05T07:04:29","date_gmt":"2026-09-05T05:04:29","guid":{"rendered":"https:\/\/info-des-communes.fr\/?p=527835"},"modified":"2026-09-05T07:04:29","modified_gmt":"2026-09-05T05:04:29","slug":"un-debat-tres-franco-francais-pourquoi-le-port-du-voile-islamique-dans-lespace-public-passionne-plus-que-chez-nos-voisins","status":"publish","type":"post","link":"https:\/\/info-des-communes.fr\/?p=527835","title":{"rendered":"\u00ab\u00a0Un d\u00e9bat tr\u00e8s franco-fran\u00e7ais\u00a0\u00bb\u00a0: pourquoi le port du voile islamique dans l&rsquo;espace public passionne plus que chez nos voisins"},"content":{"rendered":"<p>Depuis 2004, plusieurs pays europ\u00e9ens ont r\u00e9glement\u00e9 le port de v\u00eatements religieux, en particulier celui du voile int\u00e9gral. Mais le d\u00e9bat porte rarement, comme en France, sur la possibilit\u00e9 de bannir le foulard de l&rsquo;espace public.<\/p>","protected":false},"excerpt":{"rendered":"<p>Depuis 2004, plusieurs pays europ\u00e9ens ont r\u00e9glement\u00e9 le port de v\u00eatements religieux, en particulier celui du voile int\u00e9gral. Mais le d\u00e9bat porte rarement, comme en France, sur la possibilit\u00e9 de [&hellip;]<\/p>\n","protected":false},"author":2,"featured_media":527836,"comment_status":"","ping_status":"closed","sticky":false,"template":"","format":"standard","meta":{"footnotes":""},"categories":[106],"tags":[],"class_list":["post-527835","post","type-post","status-publish","format-standard","has-post-thumbnail","hentry","category-actualites"],"_links":{"self":[{"href":"https:\/\/info-des-communes.fr\/index.php?rest_route=\/wp\/v2\/posts\/527835","targetHints":{"allow":["GET"]}}],"collection":[{"href":"https:\/\/info-des-communes.fr\/index.php?rest_route=\/wp\/v2\/posts"}],"about":[{"href":"https:\/\/info-des-communes.fr\/index.php?rest_route=\/wp\/v2\/types\/post"}],"author":[{"embeddable":true,"href":"https:\/\/info-des-communes.fr\/index.php?rest_route=\/wp\/v2\/users\/2"}],"replies":[{"embeddable":true,"href":"https:\/\/info-des-communes.fr\/index.php?rest_route=%2Fwp%2Fv2%2Fcomments&post=527835"}],"version-history":[{"count":0,"href":"https:\/\/info-des-communes.fr\/index.php?rest_route=\/wp\/v2\/posts\/527835\/revisions"}],"wp:featuredmedia":[{"embeddable":true,"href":"https:\/\/info-des-communes.fr\/index.php?rest_route=\/wp\/v2\/media\/527836"}],"wp:attachment":[{"href":"https:\/\/info-des-communes.fr\/index.php?rest_route=%2Fwp%2Fv2%2Fmedia&parent=527835"}],"wp:term":[{"taxonomy":"category","embeddable":true,"href":"https:\/\/info-des-communes.fr\/index.php?rest_route=%2Fwp%2Fv2%2Fcategories&post=527835"},{"taxonomy":"post_tag","embeddable":true,"href":"https:\/\/info-des-communes.fr\/index.php?rest_route=%2Fwp%2Fv2%2Ftags&post=527835"}],"curies":[{"name":"wp","href":"https:\/\/api.w.org\/{rel}","templated":true}]}}