{"id":527833,"date":"2026-09-05T07:29:20","date_gmt":"2026-09-05T05:29:20","guid":{"rendered":"https:\/\/info-des-communes.fr\/?p=527833"},"modified":"2026-09-05T07:29:20","modified_gmt":"2026-09-05T05:29:20","slug":"sept-departements-du-sud-de-la-france-sont-en-vigilance-orange-canicule-des-temperatures-inedites-pour-un-mois-de-septembre","status":"publish","type":"post","link":"https:\/\/info-des-communes.fr\/?p=527833","title":{"rendered":"Sept d\u00e9partements du sud de la France sont en vigilance orange \u00ab\u00a0canicule\u00a0\u00bb, des temp\u00e9ratures \u00ab\u00a0in\u00e9dites pour un mois de septembre\u00a0\u00bb"},"content":{"rendered":"<p>Ces chaleurs doivent continuer sur la journ\u00e9e de dimanche, avant un rafra\u00eechissement pr\u00e9vu pour lundi.<\/p>","protected":false},"excerpt":{"rendered":"<p>Ces chaleurs doivent continuer sur la journ\u00e9e de dimanche, avant un rafra\u00eechissement pr\u00e9vu pour lundi.<\/p>\n","protected":false},"author":2,"featured_media":527834,"comment_status":"","ping_status":"closed","sticky":false,"template":"","format":"standard","meta":{"footnotes":""},"categories":[106],"tags":[],"class_list":["post-527833","post","type-post","status-publish","format-standard","has-post-thumbnail","hentry","category-actualites"],"_links":{"self":[{"href":"https:\/\/info-des-communes.fr\/index.php?rest_route=\/wp\/v2\/posts\/527833","targetHints":{"allow":["GET"]}}],"collection":[{"href":"https:\/\/info-des-communes.fr\/index.php?rest_route=\/wp\/v2\/posts"}],"about":[{"href":"https:\/\/info-des-communes.fr\/index.php?rest_route=\/wp\/v2\/types\/post"}],"author":[{"embeddable":true,"href":"https:\/\/info-des-communes.fr\/index.php?rest_route=\/wp\/v2\/users\/2"}],"replies":[{"embeddable":true,"href":"https:\/\/info-des-communes.fr\/index.php?rest_route=%2Fwp%2Fv2%2Fcomments&post=527833"}],"version-history":[{"count":0,"href":"https:\/\/info-des-communes.fr\/index.php?rest_route=\/wp\/v2\/posts\/527833\/revisions"}],"wp:featuredmedia":[{"embeddable":true,"href":"https:\/\/info-des-communes.fr\/index.php?rest_route=\/wp\/v2\/media\/527834"}],"wp:attachment":[{"href":"https:\/\/info-des-communes.fr\/index.php?rest_route=%2Fwp%2Fv2%2Fmedia&parent=527833"}],"wp:term":[{"taxonomy":"category","embeddable":true,"href":"https:\/\/info-des-communes.fr\/index.php?rest_route=%2Fwp%2Fv2%2Fcategories&post=527833"},{"taxonomy":"post_tag","embeddable":true,"href":"https:\/\/info-des-communes.fr\/index.php?rest_route=%2Fwp%2Fv2%2Ftags&post=527833"}],"curies":[{"name":"wp","href":"https:\/\/api.w.org\/{rel}","templated":true}]}}