{"id":527824,"date":"2026-09-04T20:59:46","date_gmt":"2026-09-04T18:59:46","guid":{"rendered":"https:\/\/info-des-communes.fr\/?p=527824"},"modified":"2026-09-04T20:59:46","modified_gmt":"2026-09-04T18:59:46","slug":"incendies-la-colere-sous-la-cendre-regardez-le-documentaire-de-franceinfo-consacre-au-megafeu-en-gironde","status":"publish","type":"post","link":"https:\/\/info-des-communes.fr\/?p=527824","title":{"rendered":"\u00ab\u00a0Incendies, la col\u00e8re sous la cendre\u00a0\u00bb\u00a0: regardez le documentaire de franceinfo consacr\u00e9 au m\u00e9gafeu en Gironde"},"content":{"rendered":"<p>Franceinfo est retourn\u00e9 au Porge (Gironde), un mois apr\u00e8s l&rsquo;incendie d\u00e9vastateur survenu cet \u00e9t\u00e9.<\/p>","protected":false},"excerpt":{"rendered":"<p>Franceinfo est retourn\u00e9 au Porge (Gironde), un mois apr\u00e8s l&rsquo;incendie d\u00e9vastateur survenu cet \u00e9t\u00e9.<\/p>\n","protected":false},"author":2,"featured_media":527825,"comment_status":"","ping_status":"closed","sticky":false,"template":"","format":"standard","meta":{"footnotes":""},"categories":[106],"tags":[],"class_list":["post-527824","post","type-post","status-publish","format-standard","has-post-thumbnail","hentry","category-actualites"],"_links":{"self":[{"href":"https:\/\/info-des-communes.fr\/index.php?rest_route=\/wp\/v2\/posts\/527824","targetHints":{"allow":["GET"]}}],"collection":[{"href":"https:\/\/info-des-communes.fr\/index.php?rest_route=\/wp\/v2\/posts"}],"about":[{"href":"https:\/\/info-des-communes.fr\/index.php?rest_route=\/wp\/v2\/types\/post"}],"author":[{"embeddable":true,"href":"https:\/\/info-des-communes.fr\/index.php?rest_route=\/wp\/v2\/users\/2"}],"replies":[{"embeddable":true,"href":"https:\/\/info-des-communes.fr\/index.php?rest_route=%2Fwp%2Fv2%2Fcomments&post=527824"}],"version-history":[{"count":0,"href":"https:\/\/info-des-communes.fr\/index.php?rest_route=\/wp\/v2\/posts\/527824\/revisions"}],"wp:featuredmedia":[{"embeddable":true,"href":"https:\/\/info-des-communes.fr\/index.php?rest_route=\/wp\/v2\/media\/527825"}],"wp:attachment":[{"href":"https:\/\/info-des-communes.fr\/index.php?rest_route=%2Fwp%2Fv2%2Fmedia&parent=527824"}],"wp:term":[{"taxonomy":"category","embeddable":true,"href":"https:\/\/info-des-communes.fr\/index.php?rest_route=%2Fwp%2Fv2%2Fcategories&post=527824"},{"taxonomy":"post_tag","embeddable":true,"href":"https:\/\/info-des-communes.fr\/index.php?rest_route=%2Fwp%2Fv2%2Ftags&post=527824"}],"curies":[{"name":"wp","href":"https:\/\/api.w.org\/{rel}","templated":true}]}}