{"id":527814,"date":"2026-09-04T16:33:18","date_gmt":"2026-09-04T14:33:18","guid":{"rendered":"https:\/\/info-des-communes.fr\/?p=527814"},"modified":"2026-09-04T16:33:18","modified_gmt":"2026-09-04T14:33:18","slug":"accessibilite-ecole-autisme-cinq-annonces-a-retenir-du-discours-demmanuel-macron-a-la-conference-nationale-du-handicap","status":"publish","type":"post","link":"https:\/\/info-des-communes.fr\/?p=527814","title":{"rendered":"Accessibilit\u00e9, \u00e9cole, autisme&#8230; Cinq annonces \u00e0 retenir du discours d&rsquo;Emmanuel Macron \u00e0 la Conf\u00e9rence nationale du handicap"},"content":{"rendered":"<p>A l&rsquo;approche de la pr\u00e9sidentielle \u00e0 laquelle il ne peut pas participer apr\u00e8s ses deux mandats, Emmanuel Macron a trac\u00e9, vendredi, une feuille de route pour renforcer \u00ab\u00a0l&rsquo;accessibilit\u00e9\u00a0\u00bb en mati\u00e8re de handicap en France \u00e0 l&rsquo;horizon 2030.<\/p>","protected":false},"excerpt":{"rendered":"<p>A l&rsquo;approche de la pr\u00e9sidentielle \u00e0 laquelle il ne peut pas participer apr\u00e8s ses deux mandats, Emmanuel Macron a trac\u00e9, vendredi, une feuille de route pour renforcer \u00ab\u00a0l&rsquo;accessibilit\u00e9\u00a0\u00bb en mati\u00e8re [&hellip;]<\/p>\n","protected":false},"author":2,"featured_media":527815,"comment_status":"","ping_status":"closed","sticky":false,"template":"","format":"standard","meta":{"footnotes":""},"categories":[106],"tags":[],"class_list":["post-527814","post","type-post","status-publish","format-standard","has-post-thumbnail","hentry","category-actualites"],"_links":{"self":[{"href":"https:\/\/info-des-communes.fr\/index.php?rest_route=\/wp\/v2\/posts\/527814","targetHints":{"allow":["GET"]}}],"collection":[{"href":"https:\/\/info-des-communes.fr\/index.php?rest_route=\/wp\/v2\/posts"}],"about":[{"href":"https:\/\/info-des-communes.fr\/index.php?rest_route=\/wp\/v2\/types\/post"}],"author":[{"embeddable":true,"href":"https:\/\/info-des-communes.fr\/index.php?rest_route=\/wp\/v2\/users\/2"}],"replies":[{"embeddable":true,"href":"https:\/\/info-des-communes.fr\/index.php?rest_route=%2Fwp%2Fv2%2Fcomments&post=527814"}],"version-history":[{"count":0,"href":"https:\/\/info-des-communes.fr\/index.php?rest_route=\/wp\/v2\/posts\/527814\/revisions"}],"wp:featuredmedia":[{"embeddable":true,"href":"https:\/\/info-des-communes.fr\/index.php?rest_route=\/wp\/v2\/media\/527815"}],"wp:attachment":[{"href":"https:\/\/info-des-communes.fr\/index.php?rest_route=%2Fwp%2Fv2%2Fmedia&parent=527814"}],"wp:term":[{"taxonomy":"category","embeddable":true,"href":"https:\/\/info-des-communes.fr\/index.php?rest_route=%2Fwp%2Fv2%2Fcategories&post=527814"},{"taxonomy":"post_tag","embeddable":true,"href":"https:\/\/info-des-communes.fr\/index.php?rest_route=%2Fwp%2Fv2%2Ftags&post=527814"}],"curies":[{"name":"wp","href":"https:\/\/api.w.org\/{rel}","templated":true}]}}