{"id":527812,"date":"2026-09-04T15:59:16","date_gmt":"2026-09-04T13:59:16","guid":{"rendered":"https:\/\/info-des-communes.fr\/?p=527812"},"modified":"2026-09-04T15:59:16","modified_gmt":"2026-09-04T13:59:16","slug":"affaire-lyhanna-jerome-barella-mis-en-examen-pour-le-viol-et-le-meurtre-de-la-fillette-vise-par-une-nouvelle-plainte-pour-corruption-de-mineure","status":"publish","type":"post","link":"https:\/\/info-des-communes.fr\/?p=527812","title":{"rendered":"Affaire Lyhanna\u00a0: J\u00e9r\u00f4me Barella, mis en examen pour le viol et le meurtre de la fillette, vis\u00e9 par une nouvelle plainte pour corruption de mineure"},"content":{"rendered":"<p>Selon les informations de Mediapart, le quadrag\u00e9naire a envoy\u00e9 de nombreux SMS \u00e0 une petite fille de 13 ans l&rsquo;ann\u00e9e derni\u00e8re. Mais selon l&rsquo;avocate de la mineure, elle et sa m\u00e8re ont \u00e9t\u00e9 dans un premier temps dissuad\u00e9es de porter plainte lors de leur audition d\u00e9but juillet \u00e0 la gendarmerie d&rsquo;Auch.<\/p>","protected":false},"excerpt":{"rendered":"<p>Selon les informations de Mediapart, le quadrag\u00e9naire a envoy\u00e9 de nombreux SMS \u00e0 une petite fille de 13 ans l&rsquo;ann\u00e9e derni\u00e8re. Mais selon l&rsquo;avocate de la mineure, elle et sa [&hellip;]<\/p>\n","protected":false},"author":2,"featured_media":527813,"comment_status":"","ping_status":"closed","sticky":false,"template":"","format":"standard","meta":{"footnotes":""},"categories":[106],"tags":[],"class_list":["post-527812","post","type-post","status-publish","format-standard","has-post-thumbnail","hentry","category-actualites"],"_links":{"self":[{"href":"https:\/\/info-des-communes.fr\/index.php?rest_route=\/wp\/v2\/posts\/527812","targetHints":{"allow":["GET"]}}],"collection":[{"href":"https:\/\/info-des-communes.fr\/index.php?rest_route=\/wp\/v2\/posts"}],"about":[{"href":"https:\/\/info-des-communes.fr\/index.php?rest_route=\/wp\/v2\/types\/post"}],"author":[{"embeddable":true,"href":"https:\/\/info-des-communes.fr\/index.php?rest_route=\/wp\/v2\/users\/2"}],"replies":[{"embeddable":true,"href":"https:\/\/info-des-communes.fr\/index.php?rest_route=%2Fwp%2Fv2%2Fcomments&post=527812"}],"version-history":[{"count":0,"href":"https:\/\/info-des-communes.fr\/index.php?rest_route=\/wp\/v2\/posts\/527812\/revisions"}],"wp:featuredmedia":[{"embeddable":true,"href":"https:\/\/info-des-communes.fr\/index.php?rest_route=\/wp\/v2\/media\/527813"}],"wp:attachment":[{"href":"https:\/\/info-des-communes.fr\/index.php?rest_route=%2Fwp%2Fv2%2Fmedia&parent=527812"}],"wp:term":[{"taxonomy":"category","embeddable":true,"href":"https:\/\/info-des-communes.fr\/index.php?rest_route=%2Fwp%2Fv2%2Fcategories&post=527812"},{"taxonomy":"post_tag","embeddable":true,"href":"https:\/\/info-des-communes.fr\/index.php?rest_route=%2Fwp%2Fv2%2Ftags&post=527812"}],"curies":[{"name":"wp","href":"https:\/\/api.w.org\/{rel}","templated":true}]}}