{"id":527810,"date":"2026-09-04T16:22:38","date_gmt":"2026-09-04T14:22:38","guid":{"rendered":"https:\/\/info-des-communes.fr\/?p=527810"},"modified":"2026-09-04T16:22:38","modified_gmt":"2026-09-04T14:22:38","slug":"les-pyrenees-orientales-rejoignent-les-cinq-departements-deja-places-en-vigilance-orange-canicule-le-vaucluse-concerne-a-partir-de-samedi","status":"publish","type":"post","link":"https:\/\/info-des-communes.fr\/?p=527810","title":{"rendered":"Les Pyr\u00e9n\u00e9es-Orientales rejoignent les cinq d\u00e9partements d\u00e9j\u00e0 plac\u00e9s en vigilance orange canicule, le Vaucluse concern\u00e9 \u00e0 partir de samedi"},"content":{"rendered":"<p>L&rsquo;Ard\u00e8che, l&rsquo;Aude, la Dr\u00f4me, le Gard et l&rsquo;H\u00e9rault \u00e9taient d\u00e9j\u00e0 en alerte depuis vendredi midi.<\/p>","protected":false},"excerpt":{"rendered":"<p>L&rsquo;Ard\u00e8che, l&rsquo;Aude, la Dr\u00f4me, le Gard et l&rsquo;H\u00e9rault \u00e9taient d\u00e9j\u00e0 en alerte depuis vendredi midi.<\/p>\n","protected":false},"author":2,"featured_media":527811,"comment_status":"","ping_status":"closed","sticky":false,"template":"","format":"standard","meta":{"footnotes":""},"categories":[106],"tags":[],"class_list":["post-527810","post","type-post","status-publish","format-standard","has-post-thumbnail","hentry","category-actualites"],"_links":{"self":[{"href":"https:\/\/info-des-communes.fr\/index.php?rest_route=\/wp\/v2\/posts\/527810","targetHints":{"allow":["GET"]}}],"collection":[{"href":"https:\/\/info-des-communes.fr\/index.php?rest_route=\/wp\/v2\/posts"}],"about":[{"href":"https:\/\/info-des-communes.fr\/index.php?rest_route=\/wp\/v2\/types\/post"}],"author":[{"embeddable":true,"href":"https:\/\/info-des-communes.fr\/index.php?rest_route=\/wp\/v2\/users\/2"}],"replies":[{"embeddable":true,"href":"https:\/\/info-des-communes.fr\/index.php?rest_route=%2Fwp%2Fv2%2Fcomments&post=527810"}],"version-history":[{"count":0,"href":"https:\/\/info-des-communes.fr\/index.php?rest_route=\/wp\/v2\/posts\/527810\/revisions"}],"wp:featuredmedia":[{"embeddable":true,"href":"https:\/\/info-des-communes.fr\/index.php?rest_route=\/wp\/v2\/media\/527811"}],"wp:attachment":[{"href":"https:\/\/info-des-communes.fr\/index.php?rest_route=%2Fwp%2Fv2%2Fmedia&parent=527810"}],"wp:term":[{"taxonomy":"category","embeddable":true,"href":"https:\/\/info-des-communes.fr\/index.php?rest_route=%2Fwp%2Fv2%2Fcategories&post=527810"},{"taxonomy":"post_tag","embeddable":true,"href":"https:\/\/info-des-communes.fr\/index.php?rest_route=%2Fwp%2Fv2%2Ftags&post=527810"}],"curies":[{"name":"wp","href":"https:\/\/api.w.org\/{rel}","templated":true}]}}