{"id":527806,"date":"2026-09-04T15:53:48","date_gmt":"2026-09-04T13:53:48","guid":{"rendered":"https:\/\/info-des-communes.fr\/?p=527806"},"modified":"2026-09-04T15:53:48","modified_gmt":"2026-09-04T13:53:48","slug":"deux-suspects-interpelles-dans-le-cadre-des-enquetes-ouvertes-apres-le-piratage-du-fisc","status":"publish","type":"post","link":"https:\/\/info-des-communes.fr\/?p=527806","title":{"rendered":"Deux suspects interpell\u00e9s dans le cadre des enqu\u00eates ouvertes apr\u00e8s le piratage du fisc"},"content":{"rendered":"<p>Un homme suspect\u00e9 d&rsquo;\u00eatre l&rsquo;un des auteurs des attaques informatiques a \u00e9t\u00e9 mis en examen et plac\u00e9 en d\u00e9tention provisoire. Un second suspect a \u00e9t\u00e9 interpell\u00e9 le 26 ao\u00fbt, puis lib\u00e9r\u00e9 \u00e0 l&rsquo;issue de sa garde \u00e0 vue.<\/p>","protected":false},"excerpt":{"rendered":"<p>Un homme suspect\u00e9 d&rsquo;\u00eatre l&rsquo;un des auteurs des attaques informatiques a \u00e9t\u00e9 mis en examen et plac\u00e9 en d\u00e9tention provisoire. Un second suspect a \u00e9t\u00e9 interpell\u00e9 le 26 ao\u00fbt, puis [&hellip;]<\/p>\n","protected":false},"author":2,"featured_media":527807,"comment_status":"","ping_status":"closed","sticky":false,"template":"","format":"standard","meta":{"footnotes":""},"categories":[106],"tags":[],"class_list":["post-527806","post","type-post","status-publish","format-standard","has-post-thumbnail","hentry","category-actualites"],"_links":{"self":[{"href":"https:\/\/info-des-communes.fr\/index.php?rest_route=\/wp\/v2\/posts\/527806","targetHints":{"allow":["GET"]}}],"collection":[{"href":"https:\/\/info-des-communes.fr\/index.php?rest_route=\/wp\/v2\/posts"}],"about":[{"href":"https:\/\/info-des-communes.fr\/index.php?rest_route=\/wp\/v2\/types\/post"}],"author":[{"embeddable":true,"href":"https:\/\/info-des-communes.fr\/index.php?rest_route=\/wp\/v2\/users\/2"}],"replies":[{"embeddable":true,"href":"https:\/\/info-des-communes.fr\/index.php?rest_route=%2Fwp%2Fv2%2Fcomments&post=527806"}],"version-history":[{"count":0,"href":"https:\/\/info-des-communes.fr\/index.php?rest_route=\/wp\/v2\/posts\/527806\/revisions"}],"wp:featuredmedia":[{"embeddable":true,"href":"https:\/\/info-des-communes.fr\/index.php?rest_route=\/wp\/v2\/media\/527807"}],"wp:attachment":[{"href":"https:\/\/info-des-communes.fr\/index.php?rest_route=%2Fwp%2Fv2%2Fmedia&parent=527806"}],"wp:term":[{"taxonomy":"category","embeddable":true,"href":"https:\/\/info-des-communes.fr\/index.php?rest_route=%2Fwp%2Fv2%2Fcategories&post=527806"},{"taxonomy":"post_tag","embeddable":true,"href":"https:\/\/info-des-communes.fr\/index.php?rest_route=%2Fwp%2Fv2%2Ftags&post=527806"}],"curies":[{"name":"wp","href":"https:\/\/api.w.org\/{rel}","templated":true}]}}