{"id":527794,"date":"2026-09-04T12:22:53","date_gmt":"2026-09-04T10:22:53","guid":{"rendered":"https:\/\/info-des-communes.fr\/?p=527794"},"modified":"2026-09-04T12:22:53","modified_gmt":"2026-09-04T10:22:53","slug":"le-collectif-des-victimes-de-betharram-prend-acte-avec-consternation-du-refus-du-pape-daccorder-une-audience-lors-de-sa-venue-a-lourdes","status":"publish","type":"post","link":"https:\/\/info-des-communes.fr\/?p=527794","title":{"rendered":"Le collectif des victimes de B\u00e9tharram \u00ab\u00a0prend acte avec consternation\u00a0\u00bb du refus du pape \u00ab\u00a0d&rsquo;accorder une audience\u00a0\u00bb lors de sa venue \u00e0 Lourdes"},"content":{"rendered":"<p>\u00ab\u00a0Cette main tendue aux victimes vient d&rsquo;\u00eatre refus\u00e9e\u00a0\u00bb, d\u00e9plore le collectif, \u00e0 trois semaines de la visite du pape. La Conf\u00e9rence des \u00e9v\u00eaques de France annonce que \u00ab\u00a0sept personnes victimes\u00a0\u00bb rencontreront L\u00e9on XIV.<\/p>","protected":false},"excerpt":{"rendered":"<p>\u00ab\u00a0Cette main tendue aux victimes vient d&rsquo;\u00eatre refus\u00e9e\u00a0\u00bb, d\u00e9plore le collectif, \u00e0 trois semaines de la visite du pape. La Conf\u00e9rence des \u00e9v\u00eaques de France annonce que \u00ab\u00a0sept personnes victimes\u00a0\u00bb [&hellip;]<\/p>\n","protected":false},"author":2,"featured_media":527795,"comment_status":"","ping_status":"closed","sticky":false,"template":"","format":"standard","meta":{"footnotes":""},"categories":[106],"tags":[],"class_list":["post-527794","post","type-post","status-publish","format-standard","has-post-thumbnail","hentry","category-actualites"],"_links":{"self":[{"href":"https:\/\/info-des-communes.fr\/index.php?rest_route=\/wp\/v2\/posts\/527794","targetHints":{"allow":["GET"]}}],"collection":[{"href":"https:\/\/info-des-communes.fr\/index.php?rest_route=\/wp\/v2\/posts"}],"about":[{"href":"https:\/\/info-des-communes.fr\/index.php?rest_route=\/wp\/v2\/types\/post"}],"author":[{"embeddable":true,"href":"https:\/\/info-des-communes.fr\/index.php?rest_route=\/wp\/v2\/users\/2"}],"replies":[{"embeddable":true,"href":"https:\/\/info-des-communes.fr\/index.php?rest_route=%2Fwp%2Fv2%2Fcomments&post=527794"}],"version-history":[{"count":0,"href":"https:\/\/info-des-communes.fr\/index.php?rest_route=\/wp\/v2\/posts\/527794\/revisions"}],"wp:featuredmedia":[{"embeddable":true,"href":"https:\/\/info-des-communes.fr\/index.php?rest_route=\/wp\/v2\/media\/527795"}],"wp:attachment":[{"href":"https:\/\/info-des-communes.fr\/index.php?rest_route=%2Fwp%2Fv2%2Fmedia&parent=527794"}],"wp:term":[{"taxonomy":"category","embeddable":true,"href":"https:\/\/info-des-communes.fr\/index.php?rest_route=%2Fwp%2Fv2%2Fcategories&post=527794"},{"taxonomy":"post_tag","embeddable":true,"href":"https:\/\/info-des-communes.fr\/index.php?rest_route=%2Fwp%2Fv2%2Ftags&post=527794"}],"curies":[{"name":"wp","href":"https:\/\/api.w.org\/{rel}","templated":true}]}}