{"id":527792,"date":"2026-09-04T13:11:25","date_gmt":"2026-09-04T11:11:25","guid":{"rendered":"https:\/\/info-des-communes.fr\/?p=527792"},"modified":"2026-09-04T13:11:25","modified_gmt":"2026-09-04T11:11:25","slug":"conference-nationale-sur-le-handicap-un-nouvelle-strategie-nationale-sur-lautisme-sera-lancee-des-la-fin-de-lannee-annonce-emmanuel-macron","status":"publish","type":"post","link":"https:\/\/info-des-communes.fr\/?p=527792","title":{"rendered":"Conf\u00e9rence nationale sur le handicap\u00a0: un nouvelle strat\u00e9gie nationale sur l&rsquo;autisme sera lanc\u00e9e \u00ab\u00a0d\u00e8s la fin de l&rsquo;ann\u00e9e\u00a0\u00bb, annonce Emmanuel Macron"},"content":{"rendered":"<p>Le pr\u00e9sident de la R\u00e9publique s&rsquo;exprime \u00e0 la mi-journ\u00e9e, vendredi, en cl\u00f4ture de ce rendez-vous organis\u00e9 tous les trois ans. Avant de quitter ses fonctions, il entend \u00ab\u00a0ouvrir une nouvelle \u00e9tape d&rsquo;une soci\u00e9t\u00e9 pleinement accessible\u00a0\u00bb, selon l&rsquo;Elys\u00e9e.<\/p>","protected":false},"excerpt":{"rendered":"<p>Le pr\u00e9sident de la R\u00e9publique s&rsquo;exprime \u00e0 la mi-journ\u00e9e, vendredi, en cl\u00f4ture de ce rendez-vous organis\u00e9 tous les trois ans. Avant de quitter ses fonctions, il entend \u00ab\u00a0ouvrir une nouvelle [&hellip;]<\/p>\n","protected":false},"author":2,"featured_media":527793,"comment_status":"","ping_status":"closed","sticky":false,"template":"","format":"standard","meta":{"footnotes":""},"categories":[106],"tags":[],"class_list":["post-527792","post","type-post","status-publish","format-standard","has-post-thumbnail","hentry","category-actualites"],"_links":{"self":[{"href":"https:\/\/info-des-communes.fr\/index.php?rest_route=\/wp\/v2\/posts\/527792","targetHints":{"allow":["GET"]}}],"collection":[{"href":"https:\/\/info-des-communes.fr\/index.php?rest_route=\/wp\/v2\/posts"}],"about":[{"href":"https:\/\/info-des-communes.fr\/index.php?rest_route=\/wp\/v2\/types\/post"}],"author":[{"embeddable":true,"href":"https:\/\/info-des-communes.fr\/index.php?rest_route=\/wp\/v2\/users\/2"}],"replies":[{"embeddable":true,"href":"https:\/\/info-des-communes.fr\/index.php?rest_route=%2Fwp%2Fv2%2Fcomments&post=527792"}],"version-history":[{"count":0,"href":"https:\/\/info-des-communes.fr\/index.php?rest_route=\/wp\/v2\/posts\/527792\/revisions"}],"wp:featuredmedia":[{"embeddable":true,"href":"https:\/\/info-des-communes.fr\/index.php?rest_route=\/wp\/v2\/media\/527793"}],"wp:attachment":[{"href":"https:\/\/info-des-communes.fr\/index.php?rest_route=%2Fwp%2Fv2%2Fmedia&parent=527792"}],"wp:term":[{"taxonomy":"category","embeddable":true,"href":"https:\/\/info-des-communes.fr\/index.php?rest_route=%2Fwp%2Fv2%2Fcategories&post=527792"},{"taxonomy":"post_tag","embeddable":true,"href":"https:\/\/info-des-communes.fr\/index.php?rest_route=%2Fwp%2Fv2%2Ftags&post=527792"}],"curies":[{"name":"wp","href":"https:\/\/api.w.org\/{rel}","templated":true}]}}