{"id":527788,"date":"2026-09-04T11:18:02","date_gmt":"2026-09-04T09:18:02","guid":{"rendered":"https:\/\/info-des-communes.fr\/?p=527788"},"modified":"2026-09-04T11:18:02","modified_gmt":"2026-09-04T09:18:02","slug":"indemnisations-accelerees-aides-au-carburant-prolongees-ce-quil-faut-retenir-du-plan-de-soutien-aux-agriculteurs-devoile-par-la-ministre-annie-genevard","status":"publish","type":"post","link":"https:\/\/info-des-communes.fr\/?p=527788","title":{"rendered":"Indemnisations acc\u00e9l\u00e9r\u00e9es, aides au carburant prolong\u00e9es&#8230; Ce qu&rsquo;il faut retenir du plan de soutien aux agriculteurs d\u00e9voil\u00e9 par la ministre Annie Genevard"},"content":{"rendered":"<p>Apr\u00e8s un \u00e9t\u00e9 marqu\u00e9 par des \u00e9pisodes climatiques intenses et des pertes de rendement importantes, ces mesures, dot\u00e9es d&rsquo;une enveloppe d&rsquo;un milliard d&rsquo;euros, visent \u00e0 \u00e9viter des faillites et relancer la production.<\/p>","protected":false},"excerpt":{"rendered":"<p>Apr\u00e8s un \u00e9t\u00e9 marqu\u00e9 par des \u00e9pisodes climatiques intenses et des pertes de rendement importantes, ces mesures, dot\u00e9es d&rsquo;une enveloppe d&rsquo;un milliard d&rsquo;euros, visent \u00e0 \u00e9viter des faillites et relancer [&hellip;]<\/p>\n","protected":false},"author":2,"featured_media":527789,"comment_status":"","ping_status":"closed","sticky":false,"template":"","format":"standard","meta":{"footnotes":""},"categories":[106],"tags":[],"class_list":["post-527788","post","type-post","status-publish","format-standard","has-post-thumbnail","hentry","category-actualites"],"_links":{"self":[{"href":"https:\/\/info-des-communes.fr\/index.php?rest_route=\/wp\/v2\/posts\/527788","targetHints":{"allow":["GET"]}}],"collection":[{"href":"https:\/\/info-des-communes.fr\/index.php?rest_route=\/wp\/v2\/posts"}],"about":[{"href":"https:\/\/info-des-communes.fr\/index.php?rest_route=\/wp\/v2\/types\/post"}],"author":[{"embeddable":true,"href":"https:\/\/info-des-communes.fr\/index.php?rest_route=\/wp\/v2\/users\/2"}],"replies":[{"embeddable":true,"href":"https:\/\/info-des-communes.fr\/index.php?rest_route=%2Fwp%2Fv2%2Fcomments&post=527788"}],"version-history":[{"count":0,"href":"https:\/\/info-des-communes.fr\/index.php?rest_route=\/wp\/v2\/posts\/527788\/revisions"}],"wp:featuredmedia":[{"embeddable":true,"href":"https:\/\/info-des-communes.fr\/index.php?rest_route=\/wp\/v2\/media\/527789"}],"wp:attachment":[{"href":"https:\/\/info-des-communes.fr\/index.php?rest_route=%2Fwp%2Fv2%2Fmedia&parent=527788"}],"wp:term":[{"taxonomy":"category","embeddable":true,"href":"https:\/\/info-des-communes.fr\/index.php?rest_route=%2Fwp%2Fv2%2Fcategories&post=527788"},{"taxonomy":"post_tag","embeddable":true,"href":"https:\/\/info-des-communes.fr\/index.php?rest_route=%2Fwp%2Fv2%2Ftags&post=527788"}],"curies":[{"name":"wp","href":"https:\/\/api.w.org\/{rel}","templated":true}]}}