{"id":527786,"date":"2026-09-04T10:18:20","date_gmt":"2026-09-04T08:18:20","guid":{"rendered":"https:\/\/info-des-communes.fr\/?p=527786"},"modified":"2026-09-04T10:18:20","modified_gmt":"2026-09-04T08:18:20","slug":"le-cineaste-tony-gatlif-qui-a-notamment-realise-gadjo-dilo-et-exils-est-mort-a-lage-de-77-ans","status":"publish","type":"post","link":"https:\/\/info-des-communes.fr\/?p=527786","title":{"rendered":"Le cin\u00e9aste Tony Gatlif, qui a notamment r\u00e9alis\u00e9 \u00ab\u00a0Gadjo Dilo\u00a0\u00bb et \u00ab\u00a0Exils\u00a0\u00bb, est mort \u00e0 l&rsquo;\u00e2ge de 77 ans"},"content":{"rendered":"<p>Le chantre de la culture gitane est mort \u00e0 Arles (Bouches-du-Rh\u00f4ne) d&rsquo;un probl\u00e8me de sant\u00e9 alors qu&rsquo;il travaillait sur un projet de film historique, a pr\u00e9cis\u00e9 sa famille.<\/p>","protected":false},"excerpt":{"rendered":"<p>Le chantre de la culture gitane est mort \u00e0 Arles (Bouches-du-Rh\u00f4ne) d&rsquo;un probl\u00e8me de sant\u00e9 alors qu&rsquo;il travaillait sur un projet de film historique, a pr\u00e9cis\u00e9 sa famille.<\/p>\n","protected":false},"author":2,"featured_media":527787,"comment_status":"","ping_status":"closed","sticky":false,"template":"","format":"standard","meta":{"footnotes":""},"categories":[106],"tags":[],"class_list":["post-527786","post","type-post","status-publish","format-standard","has-post-thumbnail","hentry","category-actualites"],"_links":{"self":[{"href":"https:\/\/info-des-communes.fr\/index.php?rest_route=\/wp\/v2\/posts\/527786","targetHints":{"allow":["GET"]}}],"collection":[{"href":"https:\/\/info-des-communes.fr\/index.php?rest_route=\/wp\/v2\/posts"}],"about":[{"href":"https:\/\/info-des-communes.fr\/index.php?rest_route=\/wp\/v2\/types\/post"}],"author":[{"embeddable":true,"href":"https:\/\/info-des-communes.fr\/index.php?rest_route=\/wp\/v2\/users\/2"}],"replies":[{"embeddable":true,"href":"https:\/\/info-des-communes.fr\/index.php?rest_route=%2Fwp%2Fv2%2Fcomments&post=527786"}],"version-history":[{"count":0,"href":"https:\/\/info-des-communes.fr\/index.php?rest_route=\/wp\/v2\/posts\/527786\/revisions"}],"wp:featuredmedia":[{"embeddable":true,"href":"https:\/\/info-des-communes.fr\/index.php?rest_route=\/wp\/v2\/media\/527787"}],"wp:attachment":[{"href":"https:\/\/info-des-communes.fr\/index.php?rest_route=%2Fwp%2Fv2%2Fmedia&parent=527786"}],"wp:term":[{"taxonomy":"category","embeddable":true,"href":"https:\/\/info-des-communes.fr\/index.php?rest_route=%2Fwp%2Fv2%2Fcategories&post=527786"},{"taxonomy":"post_tag","embeddable":true,"href":"https:\/\/info-des-communes.fr\/index.php?rest_route=%2Fwp%2Fv2%2Ftags&post=527786"}],"curies":[{"name":"wp","href":"https:\/\/api.w.org\/{rel}","templated":true}]}}