{"id":527776,"date":"2026-09-04T08:34:04","date_gmt":"2026-09-04T06:34:04","guid":{"rendered":"https:\/\/info-des-communes.fr\/?p=527776"},"modified":"2026-09-04T08:34:04","modified_gmt":"2026-09-04T06:34:04","slug":"le-depute-emmanuel-maurel-annonce-sa-candidature-a-la-primaire-socialiste-pour-lelection-presidentielle","status":"publish","type":"post","link":"https:\/\/info-des-communes.fr\/?p=527776","title":{"rendered":"Le d\u00e9put\u00e9 Emmanuel Maurel annonce sa candidature \u00e0 la primaire socialiste pour l&rsquo;\u00e9lection pr\u00e9sidentielle"},"content":{"rendered":"<p>\u00ab\u00a0Je crois profond\u00e9ment que l&rsquo;on peut aller au deuxi\u00e8me tour et battre le Rassemblement national\u00a0\u00bb, a assur\u00e9 le fondateur du parti Gauche r\u00e9publicaine et socialiste, sur franceinfo.<\/p>","protected":false},"excerpt":{"rendered":"<p>\u00ab\u00a0Je crois profond\u00e9ment que l&rsquo;on peut aller au deuxi\u00e8me tour et battre le Rassemblement national\u00a0\u00bb, a assur\u00e9 le fondateur du parti Gauche r\u00e9publicaine et socialiste, sur franceinfo.<\/p>\n","protected":false},"author":2,"featured_media":527777,"comment_status":"","ping_status":"closed","sticky":false,"template":"","format":"standard","meta":{"footnotes":""},"categories":[106],"tags":[],"class_list":["post-527776","post","type-post","status-publish","format-standard","has-post-thumbnail","hentry","category-actualites"],"_links":{"self":[{"href":"https:\/\/info-des-communes.fr\/index.php?rest_route=\/wp\/v2\/posts\/527776","targetHints":{"allow":["GET"]}}],"collection":[{"href":"https:\/\/info-des-communes.fr\/index.php?rest_route=\/wp\/v2\/posts"}],"about":[{"href":"https:\/\/info-des-communes.fr\/index.php?rest_route=\/wp\/v2\/types\/post"}],"author":[{"embeddable":true,"href":"https:\/\/info-des-communes.fr\/index.php?rest_route=\/wp\/v2\/users\/2"}],"replies":[{"embeddable":true,"href":"https:\/\/info-des-communes.fr\/index.php?rest_route=%2Fwp%2Fv2%2Fcomments&post=527776"}],"version-history":[{"count":0,"href":"https:\/\/info-des-communes.fr\/index.php?rest_route=\/wp\/v2\/posts\/527776\/revisions"}],"wp:featuredmedia":[{"embeddable":true,"href":"https:\/\/info-des-communes.fr\/index.php?rest_route=\/wp\/v2\/media\/527777"}],"wp:attachment":[{"href":"https:\/\/info-des-communes.fr\/index.php?rest_route=%2Fwp%2Fv2%2Fmedia&parent=527776"}],"wp:term":[{"taxonomy":"category","embeddable":true,"href":"https:\/\/info-des-communes.fr\/index.php?rest_route=%2Fwp%2Fv2%2Fcategories&post=527776"},{"taxonomy":"post_tag","embeddable":true,"href":"https:\/\/info-des-communes.fr\/index.php?rest_route=%2Fwp%2Fv2%2Ftags&post=527776"}],"curies":[{"name":"wp","href":"https:\/\/api.w.org\/{rel}","templated":true}]}}