{"id":527772,"date":"2026-09-04T05:57:36","date_gmt":"2026-09-04T03:57:36","guid":{"rendered":"https:\/\/info-des-communes.fr\/?p=527772"},"modified":"2026-09-04T05:57:36","modified_gmt":"2026-09-04T03:57:36","slug":"on-ne-decouvre-rien-les-candidats-a-la-presidentielle-ont-ils-adapte-leur-programme-apres-les-canicules-dun-ete-apocalyptique","status":"publish","type":"post","link":"https:\/\/info-des-communes.fr\/?p=527772","title":{"rendered":"\u00ab\u00a0On ne d\u00e9couvre rien\u00a0\u00bb\u00a0: les candidats \u00e0 la pr\u00e9sidentielle ont-ils adapt\u00e9 leur programme apr\u00e8s les canicules d&rsquo;un \u00e9t\u00e9 \u00ab\u00a0apocalyptique\u00a0\u00bb\u00a0?"},"content":{"rendered":"<p>L&rsquo;\u00e9t\u00e9 2026 est le plus chaud jamais enregistr\u00e9 en France depuis le d\u00e9but des relev\u00e9s des temp\u00e9ratures. Cette actualit\u00e9 climatique va-t-elle percuter la campagne \u00e9lectorale et faire de l&rsquo;\u00e9cologie le th\u00e8me central\u00a0? Franceinfo a interrog\u00e9 les pr\u00e9tendants \u00e0 l&rsquo;Elys\u00e9e.<\/p>","protected":false},"excerpt":{"rendered":"<p>L&rsquo;\u00e9t\u00e9 2026 est le plus chaud jamais enregistr\u00e9 en France depuis le d\u00e9but des relev\u00e9s des temp\u00e9ratures. Cette actualit\u00e9 climatique va-t-elle percuter la campagne \u00e9lectorale et faire de l&rsquo;\u00e9cologie le [&hellip;]<\/p>\n","protected":false},"author":2,"featured_media":527773,"comment_status":"","ping_status":"closed","sticky":false,"template":"","format":"standard","meta":{"footnotes":""},"categories":[106],"tags":[],"class_list":["post-527772","post","type-post","status-publish","format-standard","has-post-thumbnail","hentry","category-actualites"],"_links":{"self":[{"href":"https:\/\/info-des-communes.fr\/index.php?rest_route=\/wp\/v2\/posts\/527772","targetHints":{"allow":["GET"]}}],"collection":[{"href":"https:\/\/info-des-communes.fr\/index.php?rest_route=\/wp\/v2\/posts"}],"about":[{"href":"https:\/\/info-des-communes.fr\/index.php?rest_route=\/wp\/v2\/types\/post"}],"author":[{"embeddable":true,"href":"https:\/\/info-des-communes.fr\/index.php?rest_route=\/wp\/v2\/users\/2"}],"replies":[{"embeddable":true,"href":"https:\/\/info-des-communes.fr\/index.php?rest_route=%2Fwp%2Fv2%2Fcomments&post=527772"}],"version-history":[{"count":0,"href":"https:\/\/info-des-communes.fr\/index.php?rest_route=\/wp\/v2\/posts\/527772\/revisions"}],"wp:featuredmedia":[{"embeddable":true,"href":"https:\/\/info-des-communes.fr\/index.php?rest_route=\/wp\/v2\/media\/527773"}],"wp:attachment":[{"href":"https:\/\/info-des-communes.fr\/index.php?rest_route=%2Fwp%2Fv2%2Fmedia&parent=527772"}],"wp:term":[{"taxonomy":"category","embeddable":true,"href":"https:\/\/info-des-communes.fr\/index.php?rest_route=%2Fwp%2Fv2%2Fcategories&post=527772"},{"taxonomy":"post_tag","embeddable":true,"href":"https:\/\/info-des-communes.fr\/index.php?rest_route=%2Fwp%2Fv2%2Ftags&post=527772"}],"curies":[{"name":"wp","href":"https:\/\/api.w.org\/{rel}","templated":true}]}}