{"id":527770,"date":"2026-09-04T05:53:53","date_gmt":"2026-09-04T03:53:53","guid":{"rendered":"https:\/\/info-des-communes.fr\/?p=527770"},"modified":"2026-09-04T05:53:53","modified_gmt":"2026-09-04T03:53:53","slug":"demenager-climatiser-ou-vegetaliser-apres-le-cauchemar-de-lete-2026-les-francais-en-quete-dun-logement-adapte-aux-futures-canicules","status":"publish","type":"post","link":"https:\/\/info-des-communes.fr\/?p=527770","title":{"rendered":"D\u00e9m\u00e9nager, climatiser ou v\u00e9g\u00e9taliser&#8230; Apr\u00e8s le \u00ab\u00a0cauchemar\u00a0\u00bb de l&rsquo;\u00e9t\u00e9 2026, les Fran\u00e7ais en qu\u00eate d&rsquo;un logement adapt\u00e9 aux futures canicules"},"content":{"rendered":"<p>Des lecteurs de franceinfo racontent comment ils ont d\u00e9cid\u00e9 de se pr\u00e9parer aux vagues de chaleur des prochains \u00e9t\u00e9s, tout en esp\u00e9rant une riposte plus collective et politique.<\/p>","protected":false},"excerpt":{"rendered":"<p>Des lecteurs de franceinfo racontent comment ils ont d\u00e9cid\u00e9 de se pr\u00e9parer aux vagues de chaleur des prochains \u00e9t\u00e9s, tout en esp\u00e9rant une riposte plus collective et politique.<\/p>\n","protected":false},"author":2,"featured_media":527771,"comment_status":"","ping_status":"closed","sticky":false,"template":"","format":"standard","meta":{"footnotes":""},"categories":[106],"tags":[],"class_list":["post-527770","post","type-post","status-publish","format-standard","has-post-thumbnail","hentry","category-actualites"],"_links":{"self":[{"href":"https:\/\/info-des-communes.fr\/index.php?rest_route=\/wp\/v2\/posts\/527770","targetHints":{"allow":["GET"]}}],"collection":[{"href":"https:\/\/info-des-communes.fr\/index.php?rest_route=\/wp\/v2\/posts"}],"about":[{"href":"https:\/\/info-des-communes.fr\/index.php?rest_route=\/wp\/v2\/types\/post"}],"author":[{"embeddable":true,"href":"https:\/\/info-des-communes.fr\/index.php?rest_route=\/wp\/v2\/users\/2"}],"replies":[{"embeddable":true,"href":"https:\/\/info-des-communes.fr\/index.php?rest_route=%2Fwp%2Fv2%2Fcomments&post=527770"}],"version-history":[{"count":0,"href":"https:\/\/info-des-communes.fr\/index.php?rest_route=\/wp\/v2\/posts\/527770\/revisions"}],"wp:featuredmedia":[{"embeddable":true,"href":"https:\/\/info-des-communes.fr\/index.php?rest_route=\/wp\/v2\/media\/527771"}],"wp:attachment":[{"href":"https:\/\/info-des-communes.fr\/index.php?rest_route=%2Fwp%2Fv2%2Fmedia&parent=527770"}],"wp:term":[{"taxonomy":"category","embeddable":true,"href":"https:\/\/info-des-communes.fr\/index.php?rest_route=%2Fwp%2Fv2%2Fcategories&post=527770"},{"taxonomy":"post_tag","embeddable":true,"href":"https:\/\/info-des-communes.fr\/index.php?rest_route=%2Fwp%2Fv2%2Ftags&post=527770"}],"curies":[{"name":"wp","href":"https:\/\/api.w.org\/{rel}","templated":true}]}}