{"id":527768,"date":"2026-09-04T05:56:47","date_gmt":"2026-09-04T03:56:47","guid":{"rendered":"https:\/\/info-des-communes.fr\/?p=527768"},"modified":"2026-09-04T05:56:47","modified_gmt":"2026-09-04T03:56:47","slug":"rendements-au-plus-bas-exploitations-dans-le-rouge-apres-la-secheresse-historique-de-lete-lagriculture-francaise-est-en-pleine-crise-existentielle","status":"publish","type":"post","link":"https:\/\/info-des-communes.fr\/?p=527768","title":{"rendered":"Rendements au plus bas, exploitations dans le rouge&#8230; Apr\u00e8s la s\u00e9cheresse \u00ab\u00a0historique\u00a0\u00bb de l&rsquo;\u00e9t\u00e9, l&rsquo;agriculture fran\u00e7aise est en pleine crise existentielle"},"content":{"rendered":"<p>La ministre de l&rsquo;Agriculture, Annie Genevard, pr\u00e9sente vendredi un plan d&rsquo;urgence pour le secteur, alors que de nombreux indicateurs t\u00e9moignent d&rsquo;une situation qui d\u00e9passe les pires crises des ann\u00e9es pr\u00e9c\u00e9dentes.<\/p>","protected":false},"excerpt":{"rendered":"<p>La ministre de l&rsquo;Agriculture, Annie Genevard, pr\u00e9sente vendredi un plan d&rsquo;urgence pour le secteur, alors que de nombreux indicateurs t\u00e9moignent d&rsquo;une situation qui d\u00e9passe les pires crises des ann\u00e9es pr\u00e9c\u00e9dentes.<\/p>\n","protected":false},"author":2,"featured_media":527769,"comment_status":"","ping_status":"closed","sticky":false,"template":"","format":"standard","meta":{"footnotes":""},"categories":[106],"tags":[],"class_list":["post-527768","post","type-post","status-publish","format-standard","has-post-thumbnail","hentry","category-actualites"],"_links":{"self":[{"href":"https:\/\/info-des-communes.fr\/index.php?rest_route=\/wp\/v2\/posts\/527768","targetHints":{"allow":["GET"]}}],"collection":[{"href":"https:\/\/info-des-communes.fr\/index.php?rest_route=\/wp\/v2\/posts"}],"about":[{"href":"https:\/\/info-des-communes.fr\/index.php?rest_route=\/wp\/v2\/types\/post"}],"author":[{"embeddable":true,"href":"https:\/\/info-des-communes.fr\/index.php?rest_route=\/wp\/v2\/users\/2"}],"replies":[{"embeddable":true,"href":"https:\/\/info-des-communes.fr\/index.php?rest_route=%2Fwp%2Fv2%2Fcomments&post=527768"}],"version-history":[{"count":0,"href":"https:\/\/info-des-communes.fr\/index.php?rest_route=\/wp\/v2\/posts\/527768\/revisions"}],"wp:featuredmedia":[{"embeddable":true,"href":"https:\/\/info-des-communes.fr\/index.php?rest_route=\/wp\/v2\/media\/527769"}],"wp:attachment":[{"href":"https:\/\/info-des-communes.fr\/index.php?rest_route=%2Fwp%2Fv2%2Fmedia&parent=527768"}],"wp:term":[{"taxonomy":"category","embeddable":true,"href":"https:\/\/info-des-communes.fr\/index.php?rest_route=%2Fwp%2Fv2%2Fcategories&post=527768"},{"taxonomy":"post_tag","embeddable":true,"href":"https:\/\/info-des-communes.fr\/index.php?rest_route=%2Fwp%2Fv2%2Ftags&post=527768"}],"curies":[{"name":"wp","href":"https:\/\/api.w.org\/{rel}","templated":true}]}}