{"id":527759,"date":"2026-09-03T19:22:11","date_gmt":"2026-09-03T17:22:11","guid":{"rendered":"https:\/\/info-des-communes.fr\/?p=527759"},"modified":"2026-09-03T19:22:11","modified_gmt":"2026-09-03T17:22:11","slug":"un-dispositif-de-securite-exceptionnel-de-15-000-membres-des-forces-de-lordre-prevu-pour-la-visite-du-pape-en-france-annonce-laurent-nunez","status":"publish","type":"post","link":"https:\/\/info-des-communes.fr\/?p=527759","title":{"rendered":"Un \u00ab\u00a0dispositif de s\u00e9curit\u00e9 exceptionnel\u00a0\u00bb de \u00ab\u00a015\u00a0000 membres des forces de l&rsquo;ordre\u00a0\u00bb pr\u00e9vu pour la visite du Pape en France, annonce Laurent Nu\u00f1ez"},"content":{"rendered":"<p>Le ministre de l&rsquo;Int\u00e9rieur a pr\u00e9cis\u00e9 qu'\u00a0\u00bbenviron 14\u00a0000 membres des forces de s\u00e9curit\u00e9 seront d\u00e9ploy\u00e9s \u00e0 Paris, tandis qu&rsquo;un millier sera sur le terrain \u00e0 Lourdes pour pr\u00e9parer l&rsquo;arriv\u00e9e du pape\u00a0\u00bb.<\/p>","protected":false},"excerpt":{"rendered":"<p>Le ministre de l&rsquo;Int\u00e9rieur a pr\u00e9cis\u00e9 qu&rsquo;\u00a0\u00bbenviron 14\u00a0000 membres des forces de s\u00e9curit\u00e9 seront d\u00e9ploy\u00e9s \u00e0 Paris, tandis qu&rsquo;un millier sera sur le terrain \u00e0 Lourdes pour pr\u00e9parer l&rsquo;arriv\u00e9e du [&hellip;]<\/p>\n","protected":false},"author":2,"featured_media":527760,"comment_status":"","ping_status":"closed","sticky":false,"template":"","format":"standard","meta":{"footnotes":""},"categories":[106],"tags":[],"class_list":["post-527759","post","type-post","status-publish","format-standard","has-post-thumbnail","hentry","category-actualites"],"_links":{"self":[{"href":"https:\/\/info-des-communes.fr\/index.php?rest_route=\/wp\/v2\/posts\/527759","targetHints":{"allow":["GET"]}}],"collection":[{"href":"https:\/\/info-des-communes.fr\/index.php?rest_route=\/wp\/v2\/posts"}],"about":[{"href":"https:\/\/info-des-communes.fr\/index.php?rest_route=\/wp\/v2\/types\/post"}],"author":[{"embeddable":true,"href":"https:\/\/info-des-communes.fr\/index.php?rest_route=\/wp\/v2\/users\/2"}],"replies":[{"embeddable":true,"href":"https:\/\/info-des-communes.fr\/index.php?rest_route=%2Fwp%2Fv2%2Fcomments&post=527759"}],"version-history":[{"count":0,"href":"https:\/\/info-des-communes.fr\/index.php?rest_route=\/wp\/v2\/posts\/527759\/revisions"}],"wp:featuredmedia":[{"embeddable":true,"href":"https:\/\/info-des-communes.fr\/index.php?rest_route=\/wp\/v2\/media\/527760"}],"wp:attachment":[{"href":"https:\/\/info-des-communes.fr\/index.php?rest_route=%2Fwp%2Fv2%2Fmedia&parent=527759"}],"wp:term":[{"taxonomy":"category","embeddable":true,"href":"https:\/\/info-des-communes.fr\/index.php?rest_route=%2Fwp%2Fv2%2Fcategories&post=527759"},{"taxonomy":"post_tag","embeddable":true,"href":"https:\/\/info-des-communes.fr\/index.php?rest_route=%2Fwp%2Fv2%2Ftags&post=527759"}],"curies":[{"name":"wp","href":"https:\/\/api.w.org\/{rel}","templated":true}]}}