{"id":527755,"date":"2026-09-03T14:20:09","date_gmt":"2026-09-03T12:20:09","guid":{"rendered":"https:\/\/info-des-communes.fr\/?p=527755"},"modified":"2026-09-03T14:20:09","modified_gmt":"2026-09-03T12:20:09","slug":"lacetamipride-provoque-t-il-des-cancers-complement-denquete-fait-le-point-sur-un-argument-phare-des-opposants-a-la-loi-duplomb","status":"publish","type":"post","link":"https:\/\/info-des-communes.fr\/?p=527755","title":{"rendered":"L&rsquo;ac\u00e9tamipride provoque-t-il des cancers\u00a0? \u00ab\u00a0Compl\u00e9ment d&rsquo;enqu\u00eate\u00a0\u00bb fait le point sur un argument phare des opposants \u00e0 la loi Duplomb"},"content":{"rendered":"<p>Dans la mobilisation contre la loi Duplomb, un argument a fait mouche\u00a0: l\u2019ac\u00e9tamipride serait canc\u00e9rog\u00e8ne. Une partie de la classe politique s&rsquo;en est empar\u00e9e, mais cette accusation est-elle fond\u00e9e\u00a0? Compl\u00e9ment d&rsquo;enqu\u00eate\u00a0\u00bb a interrog\u00e9 une sp\u00e9cialiste pour savoir o\u00f9 en sont les \u00e9tudes sur la toxicit\u00e9 de ce n\u00e9onicotino\u00efde.<\/p>","protected":false},"excerpt":{"rendered":"<p>Dans la mobilisation contre la loi Duplomb, un argument a fait mouche\u00a0: l\u2019ac\u00e9tamipride serait canc\u00e9rog\u00e8ne. Une partie de la classe politique s&rsquo;en est empar\u00e9e, mais cette accusation est-elle fond\u00e9e\u00a0? Compl\u00e9ment [&hellip;]<\/p>\n","protected":false},"author":2,"featured_media":527756,"comment_status":"","ping_status":"closed","sticky":false,"template":"","format":"standard","meta":{"footnotes":""},"categories":[106],"tags":[],"class_list":["post-527755","post","type-post","status-publish","format-standard","has-post-thumbnail","hentry","category-actualites"],"_links":{"self":[{"href":"https:\/\/info-des-communes.fr\/index.php?rest_route=\/wp\/v2\/posts\/527755","targetHints":{"allow":["GET"]}}],"collection":[{"href":"https:\/\/info-des-communes.fr\/index.php?rest_route=\/wp\/v2\/posts"}],"about":[{"href":"https:\/\/info-des-communes.fr\/index.php?rest_route=\/wp\/v2\/types\/post"}],"author":[{"embeddable":true,"href":"https:\/\/info-des-communes.fr\/index.php?rest_route=\/wp\/v2\/users\/2"}],"replies":[{"embeddable":true,"href":"https:\/\/info-des-communes.fr\/index.php?rest_route=%2Fwp%2Fv2%2Fcomments&post=527755"}],"version-history":[{"count":0,"href":"https:\/\/info-des-communes.fr\/index.php?rest_route=\/wp\/v2\/posts\/527755\/revisions"}],"wp:featuredmedia":[{"embeddable":true,"href":"https:\/\/info-des-communes.fr\/index.php?rest_route=\/wp\/v2\/media\/527756"}],"wp:attachment":[{"href":"https:\/\/info-des-communes.fr\/index.php?rest_route=%2Fwp%2Fv2%2Fmedia&parent=527755"}],"wp:term":[{"taxonomy":"category","embeddable":true,"href":"https:\/\/info-des-communes.fr\/index.php?rest_route=%2Fwp%2Fv2%2Fcategories&post=527755"},{"taxonomy":"post_tag","embeddable":true,"href":"https:\/\/info-des-communes.fr\/index.php?rest_route=%2Fwp%2Fv2%2Ftags&post=527755"}],"curies":[{"name":"wp","href":"https:\/\/api.w.org\/{rel}","templated":true}]}}