{"id":527753,"date":"2026-09-03T18:00:08","date_gmt":"2026-09-03T16:00:08","guid":{"rendered":"https:\/\/info-des-communes.fr\/?p=527753"},"modified":"2026-09-03T18:00:08","modified_gmt":"2026-09-03T16:00:08","slug":"sebastien-lecornu-demande-a-bercy-des-annulations-et-des-gels-de-depenses-pour-financer-des-mesures-urgentes-a-destination-des-agriculteurs","status":"publish","type":"post","link":"https:\/\/info-des-communes.fr\/?p=527753","title":{"rendered":"S\u00e9bastien Lecornu demande \u00e0 Bercy \u00ab\u00a0des annulations et des gels de d\u00e9penses\u00a0\u00bb pour financer des mesures \u00ab\u00a0urgentes\u00a0\u00bb \u00e0 destination des agriculteurs"},"content":{"rendered":"<p>La ministre de l&rsquo;Agriculture, Annie Genevard, d\u00e9taillera le contenu des annonces du plan d&rsquo;urgence vendredi, a annonc\u00e9 l&rsquo;entourage du Premier ministre.<\/p>","protected":false},"excerpt":{"rendered":"<p>La ministre de l&rsquo;Agriculture, Annie Genevard, d\u00e9taillera le contenu des annonces du plan d&rsquo;urgence vendredi, a annonc\u00e9 l&rsquo;entourage du Premier ministre.<\/p>\n","protected":false},"author":2,"featured_media":527754,"comment_status":"","ping_status":"closed","sticky":false,"template":"","format":"standard","meta":{"footnotes":""},"categories":[106],"tags":[],"class_list":["post-527753","post","type-post","status-publish","format-standard","has-post-thumbnail","hentry","category-actualites"],"_links":{"self":[{"href":"https:\/\/info-des-communes.fr\/index.php?rest_route=\/wp\/v2\/posts\/527753","targetHints":{"allow":["GET"]}}],"collection":[{"href":"https:\/\/info-des-communes.fr\/index.php?rest_route=\/wp\/v2\/posts"}],"about":[{"href":"https:\/\/info-des-communes.fr\/index.php?rest_route=\/wp\/v2\/types\/post"}],"author":[{"embeddable":true,"href":"https:\/\/info-des-communes.fr\/index.php?rest_route=\/wp\/v2\/users\/2"}],"replies":[{"embeddable":true,"href":"https:\/\/info-des-communes.fr\/index.php?rest_route=%2Fwp%2Fv2%2Fcomments&post=527753"}],"version-history":[{"count":0,"href":"https:\/\/info-des-communes.fr\/index.php?rest_route=\/wp\/v2\/posts\/527753\/revisions"}],"wp:featuredmedia":[{"embeddable":true,"href":"https:\/\/info-des-communes.fr\/index.php?rest_route=\/wp\/v2\/media\/527754"}],"wp:attachment":[{"href":"https:\/\/info-des-communes.fr\/index.php?rest_route=%2Fwp%2Fv2%2Fmedia&parent=527753"}],"wp:term":[{"taxonomy":"category","embeddable":true,"href":"https:\/\/info-des-communes.fr\/index.php?rest_route=%2Fwp%2Fv2%2Fcategories&post=527753"},{"taxonomy":"post_tag","embeddable":true,"href":"https:\/\/info-des-communes.fr\/index.php?rest_route=%2Fwp%2Fv2%2Ftags&post=527753"}],"curies":[{"name":"wp","href":"https:\/\/api.w.org\/{rel}","templated":true}]}}