{"id":527749,"date":"2026-09-03T16:22:54","date_gmt":"2026-09-03T14:22:54","guid":{"rendered":"https:\/\/info-des-communes.fr\/?p=527749"},"modified":"2026-09-03T16:22:54","modified_gmt":"2026-09-03T14:22:54","slug":"xenia-fedorova-pourra-revenir-tres-prochainement-cnews-annonce-le-retour-a-lantenne-de-la-chroniqueuse-pro-kremlin-malgre-larrete-dexpulsion-qui-la-vise","status":"publish","type":"post","link":"https:\/\/info-des-communes.fr\/?p=527749","title":{"rendered":"\u00ab\u00a0Xenia Fedorova pourra revenir tr\u00e8s prochainement\u00a0\u00bb\u00a0: CNews annonce le retour \u00e0 l&rsquo;antenne de la chroniqueuse pro-Kremlin, malgr\u00e9 l&rsquo;arr\u00eat\u00e9 d&rsquo;expulsion qui la vise"},"content":{"rendered":"<p>L&rsquo;\u00e9g\u00e9rie russe des m\u00e9dias Bollor\u00e9, actuellement \u00e0 l&rsquo;\u00e9tranger, va reprendre du service sur la cha\u00eene du groupe Canal+. Aucune date n&rsquo;a pour le moment \u00e9t\u00e9 pr\u00e9cis\u00e9e.<\/p>","protected":false},"excerpt":{"rendered":"<p>L&rsquo;\u00e9g\u00e9rie russe des m\u00e9dias Bollor\u00e9, actuellement \u00e0 l&rsquo;\u00e9tranger, va reprendre du service sur la cha\u00eene du groupe Canal+. Aucune date n&rsquo;a pour le moment \u00e9t\u00e9 pr\u00e9cis\u00e9e.<\/p>\n","protected":false},"author":2,"featured_media":527750,"comment_status":"","ping_status":"closed","sticky":false,"template":"","format":"standard","meta":{"footnotes":""},"categories":[106],"tags":[],"class_list":["post-527749","post","type-post","status-publish","format-standard","has-post-thumbnail","hentry","category-actualites"],"_links":{"self":[{"href":"https:\/\/info-des-communes.fr\/index.php?rest_route=\/wp\/v2\/posts\/527749","targetHints":{"allow":["GET"]}}],"collection":[{"href":"https:\/\/info-des-communes.fr\/index.php?rest_route=\/wp\/v2\/posts"}],"about":[{"href":"https:\/\/info-des-communes.fr\/index.php?rest_route=\/wp\/v2\/types\/post"}],"author":[{"embeddable":true,"href":"https:\/\/info-des-communes.fr\/index.php?rest_route=\/wp\/v2\/users\/2"}],"replies":[{"embeddable":true,"href":"https:\/\/info-des-communes.fr\/index.php?rest_route=%2Fwp%2Fv2%2Fcomments&post=527749"}],"version-history":[{"count":0,"href":"https:\/\/info-des-communes.fr\/index.php?rest_route=\/wp\/v2\/posts\/527749\/revisions"}],"wp:featuredmedia":[{"embeddable":true,"href":"https:\/\/info-des-communes.fr\/index.php?rest_route=\/wp\/v2\/media\/527750"}],"wp:attachment":[{"href":"https:\/\/info-des-communes.fr\/index.php?rest_route=%2Fwp%2Fv2%2Fmedia&parent=527749"}],"wp:term":[{"taxonomy":"category","embeddable":true,"href":"https:\/\/info-des-communes.fr\/index.php?rest_route=%2Fwp%2Fv2%2Fcategories&post=527749"},{"taxonomy":"post_tag","embeddable":true,"href":"https:\/\/info-des-communes.fr\/index.php?rest_route=%2Fwp%2Fv2%2Ftags&post=527749"}],"curies":[{"name":"wp","href":"https:\/\/api.w.org\/{rel}","templated":true}]}}