{"id":527747,"date":"2026-09-03T16:20:41","date_gmt":"2026-09-03T14:20:41","guid":{"rendered":"https:\/\/info-des-communes.fr\/?p=527747"},"modified":"2026-09-03T16:20:41","modified_gmt":"2026-09-03T14:20:41","slug":"cinq-departements-du-sud-de-la-france-places-en-vigilance-orange-canicule-a-partir-de-vendredi-midi","status":"publish","type":"post","link":"https:\/\/info-des-communes.fr\/?p=527747","title":{"rendered":"Cinq d\u00e9partements du sud de la France plac\u00e9s en vigilance orange canicule \u00e0 partir de vendredi midi"},"content":{"rendered":"<p>Il s&rsquo;agit de l&rsquo;Ard\u00e8che, l&rsquo;Aude, la Dr\u00f4me, le Gard et l&rsquo;H\u00e9rault.<\/p>","protected":false},"excerpt":{"rendered":"<p>Il s&rsquo;agit de l&rsquo;Ard\u00e8che, l&rsquo;Aude, la Dr\u00f4me, le Gard et l&rsquo;H\u00e9rault.<\/p>\n","protected":false},"author":2,"featured_media":527748,"comment_status":"","ping_status":"closed","sticky":false,"template":"","format":"standard","meta":{"footnotes":""},"categories":[106],"tags":[],"class_list":["post-527747","post","type-post","status-publish","format-standard","has-post-thumbnail","hentry","category-actualites"],"_links":{"self":[{"href":"https:\/\/info-des-communes.fr\/index.php?rest_route=\/wp\/v2\/posts\/527747","targetHints":{"allow":["GET"]}}],"collection":[{"href":"https:\/\/info-des-communes.fr\/index.php?rest_route=\/wp\/v2\/posts"}],"about":[{"href":"https:\/\/info-des-communes.fr\/index.php?rest_route=\/wp\/v2\/types\/post"}],"author":[{"embeddable":true,"href":"https:\/\/info-des-communes.fr\/index.php?rest_route=\/wp\/v2\/users\/2"}],"replies":[{"embeddable":true,"href":"https:\/\/info-des-communes.fr\/index.php?rest_route=%2Fwp%2Fv2%2Fcomments&post=527747"}],"version-history":[{"count":0,"href":"https:\/\/info-des-communes.fr\/index.php?rest_route=\/wp\/v2\/posts\/527747\/revisions"}],"wp:featuredmedia":[{"embeddable":true,"href":"https:\/\/info-des-communes.fr\/index.php?rest_route=\/wp\/v2\/media\/527748"}],"wp:attachment":[{"href":"https:\/\/info-des-communes.fr\/index.php?rest_route=%2Fwp%2Fv2%2Fmedia&parent=527747"}],"wp:term":[{"taxonomy":"category","embeddable":true,"href":"https:\/\/info-des-communes.fr\/index.php?rest_route=%2Fwp%2Fv2%2Fcategories&post=527747"},{"taxonomy":"post_tag","embeddable":true,"href":"https:\/\/info-des-communes.fr\/index.php?rest_route=%2Fwp%2Fv2%2Ftags&post=527747"}],"curies":[{"name":"wp","href":"https:\/\/api.w.org\/{rel}","templated":true}]}}