{"id":527745,"date":"2026-09-03T16:32:31","date_gmt":"2026-09-03T14:32:31","guid":{"rendered":"https:\/\/info-des-communes.fr\/?p=527745"},"modified":"2026-09-03T16:32:31","modified_gmt":"2026-09-03T14:32:31","slug":"cest-le-premier-moment-original-de-cette-campagne-pourquoi-dominique-de-villepin-et-francois-ruffin-affichent-leurs-convergences-pour-la-presidentielle","status":"publish","type":"post","link":"https:\/\/info-des-communes.fr\/?p=527745","title":{"rendered":"\u00ab\u00a0C&rsquo;est le premier moment original de cette campagne\u00a0\u00bb\u00a0: pourquoi Dominique de Villepin et Fran\u00e7ois Ruffin affichent leurs convergences pour la pr\u00e9sidentielle"},"content":{"rendered":"<p>Lors d&rsquo;un d\u00e9bat organis\u00e9 par \u00ab\u00a0Lib\u00e9ration\u00a0\u00bb, le d\u00e9put\u00e9 de la Somme, issu de la gauche, et l&rsquo;ancien Premier ministre de Jacques Chirac, figure de la droite, ont mis en avant leurs affinit\u00e9s. Mais avec quel objectif politique\u00a0?<\/p>","protected":false},"excerpt":{"rendered":"<p>Lors d&rsquo;un d\u00e9bat organis\u00e9 par \u00ab\u00a0Lib\u00e9ration\u00a0\u00bb, le d\u00e9put\u00e9 de la Somme, issu de la gauche, et l&rsquo;ancien Premier ministre de Jacques Chirac, figure de la droite, ont mis en avant [&hellip;]<\/p>\n","protected":false},"author":2,"featured_media":527746,"comment_status":"","ping_status":"closed","sticky":false,"template":"","format":"standard","meta":{"footnotes":""},"categories":[106],"tags":[],"class_list":["post-527745","post","type-post","status-publish","format-standard","has-post-thumbnail","hentry","category-actualites"],"_links":{"self":[{"href":"https:\/\/info-des-communes.fr\/index.php?rest_route=\/wp\/v2\/posts\/527745","targetHints":{"allow":["GET"]}}],"collection":[{"href":"https:\/\/info-des-communes.fr\/index.php?rest_route=\/wp\/v2\/posts"}],"about":[{"href":"https:\/\/info-des-communes.fr\/index.php?rest_route=\/wp\/v2\/types\/post"}],"author":[{"embeddable":true,"href":"https:\/\/info-des-communes.fr\/index.php?rest_route=\/wp\/v2\/users\/2"}],"replies":[{"embeddable":true,"href":"https:\/\/info-des-communes.fr\/index.php?rest_route=%2Fwp%2Fv2%2Fcomments&post=527745"}],"version-history":[{"count":0,"href":"https:\/\/info-des-communes.fr\/index.php?rest_route=\/wp\/v2\/posts\/527745\/revisions"}],"wp:featuredmedia":[{"embeddable":true,"href":"https:\/\/info-des-communes.fr\/index.php?rest_route=\/wp\/v2\/media\/527746"}],"wp:attachment":[{"href":"https:\/\/info-des-communes.fr\/index.php?rest_route=%2Fwp%2Fv2%2Fmedia&parent=527745"}],"wp:term":[{"taxonomy":"category","embeddable":true,"href":"https:\/\/info-des-communes.fr\/index.php?rest_route=%2Fwp%2Fv2%2Fcategories&post=527745"},{"taxonomy":"post_tag","embeddable":true,"href":"https:\/\/info-des-communes.fr\/index.php?rest_route=%2Fwp%2Fv2%2Ftags&post=527745"}],"curies":[{"name":"wp","href":"https:\/\/api.w.org\/{rel}","templated":true}]}}