{"id":527743,"date":"2026-09-03T15:21:30","date_gmt":"2026-09-03T13:21:30","guid":{"rendered":"https:\/\/info-des-communes.fr\/?p=527743"},"modified":"2026-09-03T15:21:30","modified_gmt":"2026-09-03T13:21:30","slug":"stop-aux-boucs-emissaires-magistrats-et-commissaires-de-police-contestent-le-courrier-de-gerald-darmanin-sur-les-violences-sexuelles-sur-mineurs","status":"publish","type":"post","link":"https:\/\/info-des-communes.fr\/?p=527743","title":{"rendered":"\u00ab\u00a0Stop aux boucs \u00e9missaires\u00a0\u00bb : magistrats et commissaires de police contestent le courrier de G\u00e9rald Darmanin sur les violences sexuelles sur mineurs"},"content":{"rendered":"<p>Dans un rare communiqu\u00e9 commun, les deux syndicats reprochent au garde des Sceaux d&rsquo;avoir envoy\u00e9 une note au ministre de l&rsquo;Int\u00e9rieur pour recenser les \u00ab\u00a0difficult\u00e9s\u00a0\u00bb identifi\u00e9es par les parquets dans le traitement des affaires de violences sexuelles sur mineurs, dans le sillage de l&rsquo;affaire Lyhanna.<\/p>","protected":false},"excerpt":{"rendered":"<p>Dans un rare communiqu\u00e9 commun, les deux syndicats reprochent au garde des Sceaux d&rsquo;avoir envoy\u00e9 une note au ministre de l&rsquo;Int\u00e9rieur pour recenser les \u00ab\u00a0difficult\u00e9s\u00a0\u00bb identifi\u00e9es par les parquets dans [&hellip;]<\/p>\n","protected":false},"author":2,"featured_media":527744,"comment_status":"","ping_status":"closed","sticky":false,"template":"","format":"standard","meta":{"footnotes":""},"categories":[106],"tags":[],"class_list":["post-527743","post","type-post","status-publish","format-standard","has-post-thumbnail","hentry","category-actualites"],"_links":{"self":[{"href":"https:\/\/info-des-communes.fr\/index.php?rest_route=\/wp\/v2\/posts\/527743","targetHints":{"allow":["GET"]}}],"collection":[{"href":"https:\/\/info-des-communes.fr\/index.php?rest_route=\/wp\/v2\/posts"}],"about":[{"href":"https:\/\/info-des-communes.fr\/index.php?rest_route=\/wp\/v2\/types\/post"}],"author":[{"embeddable":true,"href":"https:\/\/info-des-communes.fr\/index.php?rest_route=\/wp\/v2\/users\/2"}],"replies":[{"embeddable":true,"href":"https:\/\/info-des-communes.fr\/index.php?rest_route=%2Fwp%2Fv2%2Fcomments&post=527743"}],"version-history":[{"count":0,"href":"https:\/\/info-des-communes.fr\/index.php?rest_route=\/wp\/v2\/posts\/527743\/revisions"}],"wp:featuredmedia":[{"embeddable":true,"href":"https:\/\/info-des-communes.fr\/index.php?rest_route=\/wp\/v2\/media\/527744"}],"wp:attachment":[{"href":"https:\/\/info-des-communes.fr\/index.php?rest_route=%2Fwp%2Fv2%2Fmedia&parent=527743"}],"wp:term":[{"taxonomy":"category","embeddable":true,"href":"https:\/\/info-des-communes.fr\/index.php?rest_route=%2Fwp%2Fv2%2Fcategories&post=527743"},{"taxonomy":"post_tag","embeddable":true,"href":"https:\/\/info-des-communes.fr\/index.php?rest_route=%2Fwp%2Fv2%2Ftags&post=527743"}],"curies":[{"name":"wp","href":"https:\/\/api.w.org\/{rel}","templated":true}]}}