{"id":527737,"date":"2026-09-03T12:40:17","date_gmt":"2026-09-03T10:40:17","guid":{"rendered":"https:\/\/info-des-communes.fr\/?p=527737"},"modified":"2026-09-03T12:40:17","modified_gmt":"2026-09-03T10:40:17","slug":"la-journaliste-americaine-gloria-steinem-figure-majeure-du-feminisme-est-morte-a-lage-de-92-ans","status":"publish","type":"post","link":"https:\/\/info-des-communes.fr\/?p=527737","title":{"rendered":"La journaliste am\u00e9ricaine Gloria Steinem, figure majeure du f\u00e9minisme, est morte \u00e0 l&rsquo;\u00e2ge de 92\u00a0ans"},"content":{"rendered":"<p>Dans les ann\u00e9es 1970, Gloria Steinem a organis\u00e9 la premi\u00e8re conf\u00e9rence nationale des femmes, \u00e0 Houston (Texas) et fonder son propre magazine, Ms., contraction de Miss (mademoiselle) et Mrs (madame).<\/p>","protected":false},"excerpt":{"rendered":"<p>Dans les ann\u00e9es 1970, Gloria Steinem a organis\u00e9 la premi\u00e8re conf\u00e9rence nationale des femmes, \u00e0 Houston (Texas) et fonder son propre magazine, Ms., contraction de Miss (mademoiselle) et Mrs (madame).<\/p>\n","protected":false},"author":2,"featured_media":527738,"comment_status":"","ping_status":"closed","sticky":false,"template":"","format":"standard","meta":{"footnotes":""},"categories":[106],"tags":[],"class_list":["post-527737","post","type-post","status-publish","format-standard","has-post-thumbnail","hentry","category-actualites"],"_links":{"self":[{"href":"https:\/\/info-des-communes.fr\/index.php?rest_route=\/wp\/v2\/posts\/527737","targetHints":{"allow":["GET"]}}],"collection":[{"href":"https:\/\/info-des-communes.fr\/index.php?rest_route=\/wp\/v2\/posts"}],"about":[{"href":"https:\/\/info-des-communes.fr\/index.php?rest_route=\/wp\/v2\/types\/post"}],"author":[{"embeddable":true,"href":"https:\/\/info-des-communes.fr\/index.php?rest_route=\/wp\/v2\/users\/2"}],"replies":[{"embeddable":true,"href":"https:\/\/info-des-communes.fr\/index.php?rest_route=%2Fwp%2Fv2%2Fcomments&post=527737"}],"version-history":[{"count":0,"href":"https:\/\/info-des-communes.fr\/index.php?rest_route=\/wp\/v2\/posts\/527737\/revisions"}],"wp:featuredmedia":[{"embeddable":true,"href":"https:\/\/info-des-communes.fr\/index.php?rest_route=\/wp\/v2\/media\/527738"}],"wp:attachment":[{"href":"https:\/\/info-des-communes.fr\/index.php?rest_route=%2Fwp%2Fv2%2Fmedia&parent=527737"}],"wp:term":[{"taxonomy":"category","embeddable":true,"href":"https:\/\/info-des-communes.fr\/index.php?rest_route=%2Fwp%2Fv2%2Fcategories&post=527737"},{"taxonomy":"post_tag","embeddable":true,"href":"https:\/\/info-des-communes.fr\/index.php?rest_route=%2Fwp%2Fv2%2Ftags&post=527737"}],"curies":[{"name":"wp","href":"https:\/\/api.w.org\/{rel}","templated":true}]}}