{"id":527733,"date":"2026-09-03T12:12:31","date_gmt":"2026-09-03T10:12:31","guid":{"rendered":"https:\/\/info-des-communes.fr\/?p=527733"},"modified":"2026-09-03T12:12:31","modified_gmt":"2026-09-03T10:12:31","slug":"totale-permissivite-des-policiers-marocains-migrants-orientes-vers-la-mer-ce-quil-faut-retenir-du-rapport-de-la-police-espagnole-sur-la-crise-migratoire-a-ceuta","status":"publish","type":"post","link":"https:\/\/info-des-communes.fr\/?p=527733","title":{"rendered":"\u00ab\u00a0Totale permissivit\u00e9\u00a0\u00bb des policiers marocains, migrants orient\u00e9s vers la mer\u2026 Ce qu&rsquo;il faut retenir du rapport de la police espagnole sur la crise migratoire \u00e0 Ceuta"},"content":{"rendered":"<p>Le document du Centre national de l&rsquo;immigration et des fronti\u00e8res met en cause l&rsquo;attitude des forces de l&rsquo;ordre marocaines les 30 et 31\u00a0juillet, sans \u00e9tablir que le Maroc ait organis\u00e9 l\u2019arriv\u00e9e massive de migrants. Il fragilise n\u00e9anmoins la version d\u00e9fendue jusqu&rsquo;ici par le gouvernement espagnol.<\/p>","protected":false},"excerpt":{"rendered":"<p>Le document du Centre national de l&rsquo;immigration et des fronti\u00e8res met en cause l&rsquo;attitude des forces de l&rsquo;ordre marocaines les 30 et 31\u00a0juillet, sans \u00e9tablir que le Maroc ait organis\u00e9 [&hellip;]<\/p>\n","protected":false},"author":2,"featured_media":527734,"comment_status":"","ping_status":"closed","sticky":false,"template":"","format":"standard","meta":{"footnotes":""},"categories":[106],"tags":[],"class_list":["post-527733","post","type-post","status-publish","format-standard","has-post-thumbnail","hentry","category-actualites"],"_links":{"self":[{"href":"https:\/\/info-des-communes.fr\/index.php?rest_route=\/wp\/v2\/posts\/527733","targetHints":{"allow":["GET"]}}],"collection":[{"href":"https:\/\/info-des-communes.fr\/index.php?rest_route=\/wp\/v2\/posts"}],"about":[{"href":"https:\/\/info-des-communes.fr\/index.php?rest_route=\/wp\/v2\/types\/post"}],"author":[{"embeddable":true,"href":"https:\/\/info-des-communes.fr\/index.php?rest_route=\/wp\/v2\/users\/2"}],"replies":[{"embeddable":true,"href":"https:\/\/info-des-communes.fr\/index.php?rest_route=%2Fwp%2Fv2%2Fcomments&post=527733"}],"version-history":[{"count":0,"href":"https:\/\/info-des-communes.fr\/index.php?rest_route=\/wp\/v2\/posts\/527733\/revisions"}],"wp:featuredmedia":[{"embeddable":true,"href":"https:\/\/info-des-communes.fr\/index.php?rest_route=\/wp\/v2\/media\/527734"}],"wp:attachment":[{"href":"https:\/\/info-des-communes.fr\/index.php?rest_route=%2Fwp%2Fv2%2Fmedia&parent=527733"}],"wp:term":[{"taxonomy":"category","embeddable":true,"href":"https:\/\/info-des-communes.fr\/index.php?rest_route=%2Fwp%2Fv2%2Fcategories&post=527733"},{"taxonomy":"post_tag","embeddable":true,"href":"https:\/\/info-des-communes.fr\/index.php?rest_route=%2Fwp%2Fv2%2Ftags&post=527733"}],"curies":[{"name":"wp","href":"https:\/\/api.w.org\/{rel}","templated":true}]}}