{"id":527725,"date":"2026-09-03T09:42:23","date_gmt":"2026-09-03T07:42:23","guid":{"rendered":"https:\/\/info-des-communes.fr\/?p=527725"},"modified":"2026-09-03T09:42:23","modified_gmt":"2026-09-03T07:42:23","slug":"deux-attaques-en-allemagne-contre-le-reseau-electrique-relancent-la-crainte-des-sabotages-en-europe","status":"publish","type":"post","link":"https:\/\/info-des-communes.fr\/?p=527725","title":{"rendered":"Deux attaques en Allemagne contre le r\u00e9seau \u00e9lectrique relancent la crainte des sabotages en Europe"},"content":{"rendered":"<p>Deux attaques ont vis\u00e9 en moins de 24 heures des installations \u00e9lectriques allemandes, dont l\u2019une \u00e0 une centaine de kilom\u00e8tres de Berlin. Des incidents qui illustrent la vuln\u00e9rabilit\u00e9 croissante des r\u00e9seaux \u00e9lectriques europ\u00e9ens, au moment o\u00f9 plusieurs pays renforcent leur protection face aux risques de sabotage.<\/p>","protected":false},"excerpt":{"rendered":"<p>Deux attaques ont vis\u00e9 en moins de 24 heures des installations \u00e9lectriques allemandes, dont l\u2019une \u00e0 une centaine de kilom\u00e8tres de Berlin. Des incidents qui illustrent la vuln\u00e9rabilit\u00e9 croissante des [&hellip;]<\/p>\n","protected":false},"author":2,"featured_media":527726,"comment_status":"","ping_status":"closed","sticky":false,"template":"","format":"standard","meta":{"footnotes":""},"categories":[106],"tags":[],"class_list":["post-527725","post","type-post","status-publish","format-standard","has-post-thumbnail","hentry","category-actualites"],"_links":{"self":[{"href":"https:\/\/info-des-communes.fr\/index.php?rest_route=\/wp\/v2\/posts\/527725","targetHints":{"allow":["GET"]}}],"collection":[{"href":"https:\/\/info-des-communes.fr\/index.php?rest_route=\/wp\/v2\/posts"}],"about":[{"href":"https:\/\/info-des-communes.fr\/index.php?rest_route=\/wp\/v2\/types\/post"}],"author":[{"embeddable":true,"href":"https:\/\/info-des-communes.fr\/index.php?rest_route=\/wp\/v2\/users\/2"}],"replies":[{"embeddable":true,"href":"https:\/\/info-des-communes.fr\/index.php?rest_route=%2Fwp%2Fv2%2Fcomments&post=527725"}],"version-history":[{"count":0,"href":"https:\/\/info-des-communes.fr\/index.php?rest_route=\/wp\/v2\/posts\/527725\/revisions"}],"wp:featuredmedia":[{"embeddable":true,"href":"https:\/\/info-des-communes.fr\/index.php?rest_route=\/wp\/v2\/media\/527726"}],"wp:attachment":[{"href":"https:\/\/info-des-communes.fr\/index.php?rest_route=%2Fwp%2Fv2%2Fmedia&parent=527725"}],"wp:term":[{"taxonomy":"category","embeddable":true,"href":"https:\/\/info-des-communes.fr\/index.php?rest_route=%2Fwp%2Fv2%2Fcategories&post=527725"},{"taxonomy":"post_tag","embeddable":true,"href":"https:\/\/info-des-communes.fr\/index.php?rest_route=%2Fwp%2Fv2%2Ftags&post=527725"}],"curies":[{"name":"wp","href":"https:\/\/api.w.org\/{rel}","templated":true}]}}