{"id":527715,"date":"2026-09-03T07:38:57","date_gmt":"2026-09-03T05:38:57","guid":{"rendered":"https:\/\/info-des-communes.fr\/?p=527715"},"modified":"2026-09-03T07:38:57","modified_gmt":"2026-09-03T05:38:57","slug":"les-deux-journalistes-francais-qui-etaient-detenus-au-togo-sont-autorises-a-quitter-le-territoire-annonce-le-quai-dorsay","status":"publish","type":"post","link":"https:\/\/info-des-communes.fr\/?p=527715","title":{"rendered":"Les deux journalistes fran\u00e7ais qui \u00e9taient d\u00e9tenus au Togo sont autoris\u00e9s \u00e0 quitter le territoire, annonce le Quai d&rsquo;Orsay"},"content":{"rendered":"<p>Ga\u00ebl Moca\u00ebr et Sebastian Perez Pezzani, ainsi que leur collaborateur togolais Fred Vedomey, avaient \u00e9t\u00e9 arr\u00eat\u00e9s le 27 juillet dans le nord du Togo o\u00f9 ils tournaient un \u00e9pisode de l&rsquo;\u00e9mission \u00ab\u00a0Les Routes de l&rsquo;impossible\u00a0\u00bb.<\/p>","protected":false},"excerpt":{"rendered":"<p>Ga\u00ebl Moca\u00ebr et Sebastian Perez Pezzani, ainsi que leur collaborateur togolais Fred Vedomey, avaient \u00e9t\u00e9 arr\u00eat\u00e9s le 27 juillet dans le nord du Togo o\u00f9 ils tournaient un \u00e9pisode de [&hellip;]<\/p>\n","protected":false},"author":2,"featured_media":527716,"comment_status":"","ping_status":"closed","sticky":false,"template":"","format":"standard","meta":{"footnotes":""},"categories":[106],"tags":[],"class_list":["post-527715","post","type-post","status-publish","format-standard","has-post-thumbnail","hentry","category-actualites"],"_links":{"self":[{"href":"https:\/\/info-des-communes.fr\/index.php?rest_route=\/wp\/v2\/posts\/527715","targetHints":{"allow":["GET"]}}],"collection":[{"href":"https:\/\/info-des-communes.fr\/index.php?rest_route=\/wp\/v2\/posts"}],"about":[{"href":"https:\/\/info-des-communes.fr\/index.php?rest_route=\/wp\/v2\/types\/post"}],"author":[{"embeddable":true,"href":"https:\/\/info-des-communes.fr\/index.php?rest_route=\/wp\/v2\/users\/2"}],"replies":[{"embeddable":true,"href":"https:\/\/info-des-communes.fr\/index.php?rest_route=%2Fwp%2Fv2%2Fcomments&post=527715"}],"version-history":[{"count":0,"href":"https:\/\/info-des-communes.fr\/index.php?rest_route=\/wp\/v2\/posts\/527715\/revisions"}],"wp:featuredmedia":[{"embeddable":true,"href":"https:\/\/info-des-communes.fr\/index.php?rest_route=\/wp\/v2\/media\/527716"}],"wp:attachment":[{"href":"https:\/\/info-des-communes.fr\/index.php?rest_route=%2Fwp%2Fv2%2Fmedia&parent=527715"}],"wp:term":[{"taxonomy":"category","embeddable":true,"href":"https:\/\/info-des-communes.fr\/index.php?rest_route=%2Fwp%2Fv2%2Fcategories&post=527715"},{"taxonomy":"post_tag","embeddable":true,"href":"https:\/\/info-des-communes.fr\/index.php?rest_route=%2Fwp%2Fv2%2Ftags&post=527715"}],"curies":[{"name":"wp","href":"https:\/\/api.w.org\/{rel}","templated":true}]}}