{"id":527713,"date":"2026-09-03T06:23:46","date_gmt":"2026-09-03T04:23:46","guid":{"rendered":"https:\/\/info-des-communes.fr\/?p=527713"},"modified":"2026-09-03T06:23:46","modified_gmt":"2026-09-03T04:23:46","slug":"guerre-au-moyen-orient-liran-attaque-a-nouveau-des-bases-militaires-americaines-au-koweit-donald-trump-menace-de-frapper-a-tout-moment","status":"publish","type":"post","link":"https:\/\/info-des-communes.fr\/?p=527713","title":{"rendered":"Guerre au Moyen-Orient : l&rsquo;Iran attaque \u00e0 nouveau des bases militaires am\u00e9ricaines au Koweit, Donald Trump menace de frapper \u00ab\u00a0\u00e0 tout moment\u00a0\u00bb"},"content":{"rendered":"<p>Apr\u00e8s un mois d&rsquo;accalmie, les hostilit\u00e9s ont repris dimanche dans un sc\u00e9nario qui se r\u00e9p\u00e8te depuis le d\u00e9but de la guerre d\u00e9clench\u00e9e fin f\u00e9vrier et toujours sans issue diplomatique.<\/p>","protected":false},"excerpt":{"rendered":"<p>Apr\u00e8s un mois d&rsquo;accalmie, les hostilit\u00e9s ont repris dimanche dans un sc\u00e9nario qui se r\u00e9p\u00e8te depuis le d\u00e9but de la guerre d\u00e9clench\u00e9e fin f\u00e9vrier et toujours sans issue diplomatique.<\/p>\n","protected":false},"author":2,"featured_media":527714,"comment_status":"","ping_status":"closed","sticky":false,"template":"","format":"standard","meta":{"footnotes":""},"categories":[106],"tags":[],"class_list":["post-527713","post","type-post","status-publish","format-standard","has-post-thumbnail","hentry","category-actualites"],"_links":{"self":[{"href":"https:\/\/info-des-communes.fr\/index.php?rest_route=\/wp\/v2\/posts\/527713","targetHints":{"allow":["GET"]}}],"collection":[{"href":"https:\/\/info-des-communes.fr\/index.php?rest_route=\/wp\/v2\/posts"}],"about":[{"href":"https:\/\/info-des-communes.fr\/index.php?rest_route=\/wp\/v2\/types\/post"}],"author":[{"embeddable":true,"href":"https:\/\/info-des-communes.fr\/index.php?rest_route=\/wp\/v2\/users\/2"}],"replies":[{"embeddable":true,"href":"https:\/\/info-des-communes.fr\/index.php?rest_route=%2Fwp%2Fv2%2Fcomments&post=527713"}],"version-history":[{"count":0,"href":"https:\/\/info-des-communes.fr\/index.php?rest_route=\/wp\/v2\/posts\/527713\/revisions"}],"wp:featuredmedia":[{"embeddable":true,"href":"https:\/\/info-des-communes.fr\/index.php?rest_route=\/wp\/v2\/media\/527714"}],"wp:attachment":[{"href":"https:\/\/info-des-communes.fr\/index.php?rest_route=%2Fwp%2Fv2%2Fmedia&parent=527713"}],"wp:term":[{"taxonomy":"category","embeddable":true,"href":"https:\/\/info-des-communes.fr\/index.php?rest_route=%2Fwp%2Fv2%2Fcategories&post=527713"},{"taxonomy":"post_tag","embeddable":true,"href":"https:\/\/info-des-communes.fr\/index.php?rest_route=%2Fwp%2Fv2%2Ftags&post=527713"}],"curies":[{"name":"wp","href":"https:\/\/api.w.org\/{rel}","templated":true}]}}