{"id":527707,"date":"2026-09-03T05:53:07","date_gmt":"2026-09-03T03:53:07","guid":{"rendered":"https:\/\/info-des-communes.fr\/?p=527707"},"modified":"2026-09-03T05:53:07","modified_gmt":"2026-09-03T03:53:07","slug":"les-socialistes-la-font-bien-la-droite-et-le-centre-peuvent-ils-encore-organiser-une-primaire-pour-la-presidentielle-de-2027","status":"publish","type":"post","link":"https:\/\/info-des-communes.fr\/?p=527707","title":{"rendered":"\u00ab\u00a0Les socialistes la font bien\u00a0!\u00a0\u00bb\u00a0: la droite et le centre peuvent-ils encore organiser une primaire pour la pr\u00e9sidentielle de 2027\u00a0?"},"content":{"rendered":"<p>De Laurent Wauquiez \u00e0 Herv\u00e9 Morin, les appels se multiplient pour organiser un processus de s\u00e9lection entre les diff\u00e9rents candidats du bloc central et de la droite. Mais le refus d&rsquo;Edouard Philippe de participer \u00e0 un tel vote mine ses chances de voir le jour.<\/p>","protected":false},"excerpt":{"rendered":"<p>De Laurent Wauquiez \u00e0 Herv\u00e9 Morin, les appels se multiplient pour organiser un processus de s\u00e9lection entre les diff\u00e9rents candidats du bloc central et de la droite. Mais le refus [&hellip;]<\/p>\n","protected":false},"author":2,"featured_media":527708,"comment_status":"","ping_status":"closed","sticky":false,"template":"","format":"standard","meta":{"footnotes":""},"categories":[106],"tags":[],"class_list":["post-527707","post","type-post","status-publish","format-standard","has-post-thumbnail","hentry","category-actualites"],"_links":{"self":[{"href":"https:\/\/info-des-communes.fr\/index.php?rest_route=\/wp\/v2\/posts\/527707","targetHints":{"allow":["GET"]}}],"collection":[{"href":"https:\/\/info-des-communes.fr\/index.php?rest_route=\/wp\/v2\/posts"}],"about":[{"href":"https:\/\/info-des-communes.fr\/index.php?rest_route=\/wp\/v2\/types\/post"}],"author":[{"embeddable":true,"href":"https:\/\/info-des-communes.fr\/index.php?rest_route=\/wp\/v2\/users\/2"}],"replies":[{"embeddable":true,"href":"https:\/\/info-des-communes.fr\/index.php?rest_route=%2Fwp%2Fv2%2Fcomments&post=527707"}],"version-history":[{"count":0,"href":"https:\/\/info-des-communes.fr\/index.php?rest_route=\/wp\/v2\/posts\/527707\/revisions"}],"wp:featuredmedia":[{"embeddable":true,"href":"https:\/\/info-des-communes.fr\/index.php?rest_route=\/wp\/v2\/media\/527708"}],"wp:attachment":[{"href":"https:\/\/info-des-communes.fr\/index.php?rest_route=%2Fwp%2Fv2%2Fmedia&parent=527707"}],"wp:term":[{"taxonomy":"category","embeddable":true,"href":"https:\/\/info-des-communes.fr\/index.php?rest_route=%2Fwp%2Fv2%2Fcategories&post=527707"},{"taxonomy":"post_tag","embeddable":true,"href":"https:\/\/info-des-communes.fr\/index.php?rest_route=%2Fwp%2Fv2%2Ftags&post=527707"}],"curies":[{"name":"wp","href":"https:\/\/api.w.org\/{rel}","templated":true}]}}