{"id":527705,"date":"2026-09-03T05:51:53","date_gmt":"2026-09-03T03:51:53","guid":{"rendered":"https:\/\/info-des-communes.fr\/?p=527705"},"modified":"2026-09-03T05:51:53","modified_gmt":"2026-09-03T03:51:53","slug":"canicules-temperatures-nocturnes-incendies-secheresse-visualisez-a-quel-point-lete-2026-a-ete-hors-norme-en-sept-infographies","status":"publish","type":"post","link":"https:\/\/info-des-communes.fr\/?p=527705","title":{"rendered":"Canicules, temp\u00e9ratures nocturnes, incendies, s\u00e9cheresse&#8230; Visualisez \u00e0 quel point l&rsquo;\u00e9t\u00e9 2026 a \u00e9t\u00e9 hors norme en sept infographies"},"content":{"rendered":"<p>Franceinfo dresse le bilan de la saison estivale la plus chaude jamais mesur\u00e9e en France.<\/p>","protected":false},"excerpt":{"rendered":"<p>Franceinfo dresse le bilan de la saison estivale la plus chaude jamais mesur\u00e9e en France.<\/p>\n","protected":false},"author":2,"featured_media":527706,"comment_status":"","ping_status":"closed","sticky":false,"template":"","format":"standard","meta":{"footnotes":""},"categories":[106],"tags":[],"class_list":["post-527705","post","type-post","status-publish","format-standard","has-post-thumbnail","hentry","category-actualites"],"_links":{"self":[{"href":"https:\/\/info-des-communes.fr\/index.php?rest_route=\/wp\/v2\/posts\/527705","targetHints":{"allow":["GET"]}}],"collection":[{"href":"https:\/\/info-des-communes.fr\/index.php?rest_route=\/wp\/v2\/posts"}],"about":[{"href":"https:\/\/info-des-communes.fr\/index.php?rest_route=\/wp\/v2\/types\/post"}],"author":[{"embeddable":true,"href":"https:\/\/info-des-communes.fr\/index.php?rest_route=\/wp\/v2\/users\/2"}],"replies":[{"embeddable":true,"href":"https:\/\/info-des-communes.fr\/index.php?rest_route=%2Fwp%2Fv2%2Fcomments&post=527705"}],"version-history":[{"count":0,"href":"https:\/\/info-des-communes.fr\/index.php?rest_route=\/wp\/v2\/posts\/527705\/revisions"}],"wp:featuredmedia":[{"embeddable":true,"href":"https:\/\/info-des-communes.fr\/index.php?rest_route=\/wp\/v2\/media\/527706"}],"wp:attachment":[{"href":"https:\/\/info-des-communes.fr\/index.php?rest_route=%2Fwp%2Fv2%2Fmedia&parent=527705"}],"wp:term":[{"taxonomy":"category","embeddable":true,"href":"https:\/\/info-des-communes.fr\/index.php?rest_route=%2Fwp%2Fv2%2Fcategories&post=527705"},{"taxonomy":"post_tag","embeddable":true,"href":"https:\/\/info-des-communes.fr\/index.php?rest_route=%2Fwp%2Fv2%2Ftags&post=527705"}],"curies":[{"name":"wp","href":"https:\/\/api.w.org\/{rel}","templated":true}]}}