{"id":527700,"date":"2026-09-02T20:22:12","date_gmt":"2026-09-02T18:22:12","guid":{"rendered":"https:\/\/info-des-communes.fr\/?p=527700"},"modified":"2026-09-02T20:22:12","modified_gmt":"2026-09-02T18:22:12","slug":"emmanuel-macron-inaugure-lexposition-de-la-tapisserie-de-bayeux-a-londres-et-qualifie-ce-pret-de-geste-damitie","status":"publish","type":"post","link":"https:\/\/info-des-communes.fr\/?p=527700","title":{"rendered":"Emmanuel Macron inaugure l&rsquo;exposition de la tapisserie de Bayeux \u00e0 Londres et qualifie ce pr\u00eat de \u00ab\u00a0geste d\u2019amiti\u00e9\u00a0\u00bb"},"content":{"rendered":"<p>Le chef de l&rsquo;Etat avait personnellement d\u00e9cid\u00e9 de pr\u00eater la tapisserie pour un an lors de sa visite d&rsquo;Etat au Royaume-Uni en juillet 2025, afin de \u00ab\u00a0revivifier la relation culturelle\u00a0\u00bb et marquer \u00ab\u00a0la confiance\u00a0\u00bb actuelle entre Paris et Londres.<\/p>","protected":false},"excerpt":{"rendered":"<p>Le chef de l&rsquo;Etat avait personnellement d\u00e9cid\u00e9 de pr\u00eater la tapisserie pour un an lors de sa visite d&rsquo;Etat au Royaume-Uni en juillet 2025, afin de \u00ab\u00a0revivifier la relation culturelle\u00a0\u00bb [&hellip;]<\/p>\n","protected":false},"author":2,"featured_media":527701,"comment_status":"","ping_status":"closed","sticky":false,"template":"","format":"standard","meta":{"footnotes":""},"categories":[106],"tags":[],"class_list":["post-527700","post","type-post","status-publish","format-standard","has-post-thumbnail","hentry","category-actualites"],"_links":{"self":[{"href":"https:\/\/info-des-communes.fr\/index.php?rest_route=\/wp\/v2\/posts\/527700","targetHints":{"allow":["GET"]}}],"collection":[{"href":"https:\/\/info-des-communes.fr\/index.php?rest_route=\/wp\/v2\/posts"}],"about":[{"href":"https:\/\/info-des-communes.fr\/index.php?rest_route=\/wp\/v2\/types\/post"}],"author":[{"embeddable":true,"href":"https:\/\/info-des-communes.fr\/index.php?rest_route=\/wp\/v2\/users\/2"}],"replies":[{"embeddable":true,"href":"https:\/\/info-des-communes.fr\/index.php?rest_route=%2Fwp%2Fv2%2Fcomments&post=527700"}],"version-history":[{"count":0,"href":"https:\/\/info-des-communes.fr\/index.php?rest_route=\/wp\/v2\/posts\/527700\/revisions"}],"wp:featuredmedia":[{"embeddable":true,"href":"https:\/\/info-des-communes.fr\/index.php?rest_route=\/wp\/v2\/media\/527701"}],"wp:attachment":[{"href":"https:\/\/info-des-communes.fr\/index.php?rest_route=%2Fwp%2Fv2%2Fmedia&parent=527700"}],"wp:term":[{"taxonomy":"category","embeddable":true,"href":"https:\/\/info-des-communes.fr\/index.php?rest_route=%2Fwp%2Fv2%2Fcategories&post=527700"},{"taxonomy":"post_tag","embeddable":true,"href":"https:\/\/info-des-communes.fr\/index.php?rest_route=%2Fwp%2Fv2%2Ftags&post=527700"}],"curies":[{"name":"wp","href":"https:\/\/api.w.org\/{rel}","templated":true}]}}