{"id":527690,"date":"2026-09-02T17:26:53","date_gmt":"2026-09-02T15:26:53","guid":{"rendered":"https:\/\/info-des-communes.fr\/?p=527690"},"modified":"2026-09-02T17:26:53","modified_gmt":"2026-09-02T15:26:53","slug":"ou-en-est-la-procedure-judiciaire-depuis-la-mise-en-examen-de-patrick-bruel-vise-par-une-trentaine-de-plaintes-pour-violences-sexuelles","status":"publish","type":"post","link":"https:\/\/info-des-communes.fr\/?p=527690","title":{"rendered":"O\u00f9 en est la proc\u00e9dure judiciaire depuis la mise en examen de Patrick Bruel, vis\u00e9 par une trentaine de plaintes pour violences sexuelles\u00a0?"},"content":{"rendered":"<p>Le chanteur de 67\u00a0ans a annonc\u00e9 mardi renoncer \u00e0 la deuxi\u00e8me partie de sa tourn\u00e9e, apr\u00e8s les nombreux appels en ce sens d&rsquo;\u00e9lus et d&rsquo;associations f\u00e9ministes. S&rsquo;il n&rsquo;est inqui\u00e9t\u00e9 \u00e0 ce stade que dans huit affaires, de nombreuses nouvelles plaintes ont \u00e9t\u00e9 d\u00e9pos\u00e9es.\u00a0<\/p>","protected":false},"excerpt":{"rendered":"<p>Le chanteur de 67\u00a0ans a annonc\u00e9 mardi renoncer \u00e0 la deuxi\u00e8me partie de sa tourn\u00e9e, apr\u00e8s les nombreux appels en ce sens d&rsquo;\u00e9lus et d&rsquo;associations f\u00e9ministes. S&rsquo;il n&rsquo;est inqui\u00e9t\u00e9 \u00e0 [&hellip;]<\/p>\n","protected":false},"author":2,"featured_media":527691,"comment_status":"","ping_status":"closed","sticky":false,"template":"","format":"standard","meta":{"footnotes":""},"categories":[106],"tags":[],"class_list":["post-527690","post","type-post","status-publish","format-standard","has-post-thumbnail","hentry","category-actualites"],"_links":{"self":[{"href":"https:\/\/info-des-communes.fr\/index.php?rest_route=\/wp\/v2\/posts\/527690","targetHints":{"allow":["GET"]}}],"collection":[{"href":"https:\/\/info-des-communes.fr\/index.php?rest_route=\/wp\/v2\/posts"}],"about":[{"href":"https:\/\/info-des-communes.fr\/index.php?rest_route=\/wp\/v2\/types\/post"}],"author":[{"embeddable":true,"href":"https:\/\/info-des-communes.fr\/index.php?rest_route=\/wp\/v2\/users\/2"}],"replies":[{"embeddable":true,"href":"https:\/\/info-des-communes.fr\/index.php?rest_route=%2Fwp%2Fv2%2Fcomments&post=527690"}],"version-history":[{"count":0,"href":"https:\/\/info-des-communes.fr\/index.php?rest_route=\/wp\/v2\/posts\/527690\/revisions"}],"wp:featuredmedia":[{"embeddable":true,"href":"https:\/\/info-des-communes.fr\/index.php?rest_route=\/wp\/v2\/media\/527691"}],"wp:attachment":[{"href":"https:\/\/info-des-communes.fr\/index.php?rest_route=%2Fwp%2Fv2%2Fmedia&parent=527690"}],"wp:term":[{"taxonomy":"category","embeddable":true,"href":"https:\/\/info-des-communes.fr\/index.php?rest_route=%2Fwp%2Fv2%2Fcategories&post=527690"},{"taxonomy":"post_tag","embeddable":true,"href":"https:\/\/info-des-communes.fr\/index.php?rest_route=%2Fwp%2Fv2%2Ftags&post=527690"}],"curies":[{"name":"wp","href":"https:\/\/api.w.org\/{rel}","templated":true}]}}