{"id":527688,"date":"2026-09-02T16:20:05","date_gmt":"2026-09-02T14:20:05","guid":{"rendered":"https:\/\/info-des-communes.fr\/?p=527688"},"modified":"2026-09-02T16:20:05","modified_gmt":"2026-09-02T14:20:05","slug":"nous-ne-nous-retirerons-pas-affirme-benyamin-netanyahou-lors-dun-deplacement-a-gaza","status":"publish","type":"post","link":"https:\/\/info-des-communes.fr\/?p=527688","title":{"rendered":"\u00ab\u00a0Nous ne nous retirerons pas\u00a0\u00bb, affirme Benyamin N\u00e9tanyahou lors d&rsquo;un d\u00e9placement \u00e0 Gaza"},"content":{"rendered":"<p>Le chef du gouvernement isra\u00e9lien s&rsquo;est exprim\u00e9, mercredi, lors d&rsquo;une visite dans la bande de Gaza.<\/p>","protected":false},"excerpt":{"rendered":"<p>Le chef du gouvernement isra\u00e9lien s&rsquo;est exprim\u00e9, mercredi, lors d&rsquo;une visite dans la bande de Gaza.<\/p>\n","protected":false},"author":2,"featured_media":527689,"comment_status":"","ping_status":"closed","sticky":false,"template":"","format":"standard","meta":{"footnotes":""},"categories":[106],"tags":[],"class_list":["post-527688","post","type-post","status-publish","format-standard","has-post-thumbnail","hentry","category-actualites"],"_links":{"self":[{"href":"https:\/\/info-des-communes.fr\/index.php?rest_route=\/wp\/v2\/posts\/527688","targetHints":{"allow":["GET"]}}],"collection":[{"href":"https:\/\/info-des-communes.fr\/index.php?rest_route=\/wp\/v2\/posts"}],"about":[{"href":"https:\/\/info-des-communes.fr\/index.php?rest_route=\/wp\/v2\/types\/post"}],"author":[{"embeddable":true,"href":"https:\/\/info-des-communes.fr\/index.php?rest_route=\/wp\/v2\/users\/2"}],"replies":[{"embeddable":true,"href":"https:\/\/info-des-communes.fr\/index.php?rest_route=%2Fwp%2Fv2%2Fcomments&post=527688"}],"version-history":[{"count":0,"href":"https:\/\/info-des-communes.fr\/index.php?rest_route=\/wp\/v2\/posts\/527688\/revisions"}],"wp:featuredmedia":[{"embeddable":true,"href":"https:\/\/info-des-communes.fr\/index.php?rest_route=\/wp\/v2\/media\/527689"}],"wp:attachment":[{"href":"https:\/\/info-des-communes.fr\/index.php?rest_route=%2Fwp%2Fv2%2Fmedia&parent=527688"}],"wp:term":[{"taxonomy":"category","embeddable":true,"href":"https:\/\/info-des-communes.fr\/index.php?rest_route=%2Fwp%2Fv2%2Fcategories&post=527688"},{"taxonomy":"post_tag","embeddable":true,"href":"https:\/\/info-des-communes.fr\/index.php?rest_route=%2Fwp%2Fv2%2Ftags&post=527688"}],"curies":[{"name":"wp","href":"https:\/\/api.w.org\/{rel}","templated":true}]}}