{"id":527686,"date":"2026-09-02T15:49:56","date_gmt":"2026-09-02T13:49:56","guid":{"rendered":"https:\/\/info-des-communes.fr\/?p=527686"},"modified":"2026-09-02T15:49:56","modified_gmt":"2026-09-02T13:49:56","slug":"quelquun-a-vendu-mon-temoignage-a-la-presse-helena-noguerra-deplore-la-levee-de-son-anonymat-apres-avoir-accuse-patrick-bruel-dagression-sexuelle","status":"publish","type":"post","link":"https:\/\/info-des-communes.fr\/?p=527686","title":{"rendered":"\u00ab\u00a0Quelqu&rsquo;un a vendu mon t\u00e9moignage \u00e0 la presse\u00a0\u00bb\u00a0: Helena Noguerra d\u00e9plore la lev\u00e9e de son anonymat apr\u00e8s avoir accus\u00e9 Patrick Bruel d&rsquo;agression sexuelle"},"content":{"rendered":"<p>L&rsquo;artiste belge, s\u0153ur de Lio, avait t\u00e9moign\u00e9 anonymement dans une tribune publi\u00e9e sur \u00ab\u00a0Mediapart\u00a0\u00bb. Son identit\u00e9 a \u00e9t\u00e9 r\u00e9v\u00e9l\u00e9e dans deux m\u00e9dias mercredi.<\/p>","protected":false},"excerpt":{"rendered":"<p>L&rsquo;artiste belge, s\u0153ur de Lio, avait t\u00e9moign\u00e9 anonymement dans une tribune publi\u00e9e sur \u00ab\u00a0Mediapart\u00a0\u00bb. Son identit\u00e9 a \u00e9t\u00e9 r\u00e9v\u00e9l\u00e9e dans deux m\u00e9dias mercredi.<\/p>\n","protected":false},"author":2,"featured_media":527687,"comment_status":"","ping_status":"closed","sticky":false,"template":"","format":"standard","meta":{"footnotes":""},"categories":[106],"tags":[],"class_list":["post-527686","post","type-post","status-publish","format-standard","has-post-thumbnail","hentry","category-actualites"],"_links":{"self":[{"href":"https:\/\/info-des-communes.fr\/index.php?rest_route=\/wp\/v2\/posts\/527686","targetHints":{"allow":["GET"]}}],"collection":[{"href":"https:\/\/info-des-communes.fr\/index.php?rest_route=\/wp\/v2\/posts"}],"about":[{"href":"https:\/\/info-des-communes.fr\/index.php?rest_route=\/wp\/v2\/types\/post"}],"author":[{"embeddable":true,"href":"https:\/\/info-des-communes.fr\/index.php?rest_route=\/wp\/v2\/users\/2"}],"replies":[{"embeddable":true,"href":"https:\/\/info-des-communes.fr\/index.php?rest_route=%2Fwp%2Fv2%2Fcomments&post=527686"}],"version-history":[{"count":0,"href":"https:\/\/info-des-communes.fr\/index.php?rest_route=\/wp\/v2\/posts\/527686\/revisions"}],"wp:featuredmedia":[{"embeddable":true,"href":"https:\/\/info-des-communes.fr\/index.php?rest_route=\/wp\/v2\/media\/527687"}],"wp:attachment":[{"href":"https:\/\/info-des-communes.fr\/index.php?rest_route=%2Fwp%2Fv2%2Fmedia&parent=527686"}],"wp:term":[{"taxonomy":"category","embeddable":true,"href":"https:\/\/info-des-communes.fr\/index.php?rest_route=%2Fwp%2Fv2%2Fcategories&post=527686"},{"taxonomy":"post_tag","embeddable":true,"href":"https:\/\/info-des-communes.fr\/index.php?rest_route=%2Fwp%2Fv2%2Ftags&post=527686"}],"curies":[{"name":"wp","href":"https:\/\/api.w.org\/{rel}","templated":true}]}}