{"id":527668,"date":"2026-09-02T12:40:28","date_gmt":"2026-09-02T10:40:28","guid":{"rendered":"https:\/\/info-des-communes.fr\/?p=527668"},"modified":"2026-09-02T12:40:28","modified_gmt":"2026-09-02T10:40:28","slug":"cout-de-la-rentree-universitaire-depuis-le-covid-les-politiques-nont-rien-fait-denonce-la-presidente-dune-federation-etudiante","status":"publish","type":"post","link":"https:\/\/info-des-communes.fr\/?p=527668","title":{"rendered":"Co\u00fbt de la rentr\u00e9e universitaire : depuis le Covid, \u00ab\u00a0les politiques n&rsquo;ont rien fait\u00a0\u00bb, d\u00e9nonce la pr\u00e9sidente d&rsquo;une f\u00e9d\u00e9ration \u00e9tudiante"},"content":{"rendered":"<p>D&rsquo;apr\u00e8s les calculs de la FAGE, la F\u00e9d\u00e9ration des associations \u00e9tudiantes, un \u00e9tudiant non-boursier doit d\u00e9penser en moyenne 3240 euros pour faire face aux d\u00e9penses de rentr\u00e9e et de vie courante. Pour Suzanne Nijdam, pr\u00e9sidente de la FAGE, beaucoup d&rsquo;\u00e9tudiants se retrouvent financi\u00e8rement \u00ab\u00a0dans le rouge\u00a0\u00bb.<\/p>","protected":false},"excerpt":{"rendered":"<p>D&rsquo;apr\u00e8s les calculs de la FAGE, la F\u00e9d\u00e9ration des associations \u00e9tudiantes, un \u00e9tudiant non-boursier doit d\u00e9penser en moyenne 3240 euros pour faire face aux d\u00e9penses de rentr\u00e9e et de vie [&hellip;]<\/p>\n","protected":false},"author":2,"featured_media":527669,"comment_status":"","ping_status":"closed","sticky":false,"template":"","format":"standard","meta":{"footnotes":""},"categories":[106],"tags":[],"class_list":["post-527668","post","type-post","status-publish","format-standard","has-post-thumbnail","hentry","category-actualites"],"_links":{"self":[{"href":"https:\/\/info-des-communes.fr\/index.php?rest_route=\/wp\/v2\/posts\/527668","targetHints":{"allow":["GET"]}}],"collection":[{"href":"https:\/\/info-des-communes.fr\/index.php?rest_route=\/wp\/v2\/posts"}],"about":[{"href":"https:\/\/info-des-communes.fr\/index.php?rest_route=\/wp\/v2\/types\/post"}],"author":[{"embeddable":true,"href":"https:\/\/info-des-communes.fr\/index.php?rest_route=\/wp\/v2\/users\/2"}],"replies":[{"embeddable":true,"href":"https:\/\/info-des-communes.fr\/index.php?rest_route=%2Fwp%2Fv2%2Fcomments&post=527668"}],"version-history":[{"count":0,"href":"https:\/\/info-des-communes.fr\/index.php?rest_route=\/wp\/v2\/posts\/527668\/revisions"}],"wp:featuredmedia":[{"embeddable":true,"href":"https:\/\/info-des-communes.fr\/index.php?rest_route=\/wp\/v2\/media\/527669"}],"wp:attachment":[{"href":"https:\/\/info-des-communes.fr\/index.php?rest_route=%2Fwp%2Fv2%2Fmedia&parent=527668"}],"wp:term":[{"taxonomy":"category","embeddable":true,"href":"https:\/\/info-des-communes.fr\/index.php?rest_route=%2Fwp%2Fv2%2Fcategories&post=527668"},{"taxonomy":"post_tag","embeddable":true,"href":"https:\/\/info-des-communes.fr\/index.php?rest_route=%2Fwp%2Fv2%2Ftags&post=527668"}],"curies":[{"name":"wp","href":"https:\/\/api.w.org\/{rel}","templated":true}]}}