{"id":527664,"date":"2026-09-02T11:00:47","date_gmt":"2026-09-02T09:00:47","guid":{"rendered":"https:\/\/info-des-communes.fr\/?p=527664"},"modified":"2026-09-02T11:00:47","modified_gmt":"2026-09-02T09:00:47","slug":"il-ny-aura-quune-seule-candidature-de-la-gauche-sociale-democrate-a-la-presidentielle-2027-assure-francois-hollande","status":"publish","type":"post","link":"https:\/\/info-des-communes.fr\/?p=527664","title":{"rendered":"\u00ab\u00a0Il n&rsquo;y aura qu&rsquo;une seule candidature de la gauche sociale-d\u00e9mocrate\u00a0\u00bb \u00e0 la pr\u00e9sidentielle\u00a02027, assure Fran\u00e7ois Hollande"},"content":{"rendered":"<p>A la veille de la publication de son livre, Fran\u00e7ois Hollande affirme qu&rsquo;il \u00ab\u00a0porte un projet\u00a0\u00bb, mercredi sur France Inter, tout en r\u00e9p\u00e9tant qu&rsquo;il n&rsquo;\u00e9tait \u00ab\u00a0pas candidat aujourd&rsquo;hui\u00a0\u00bb.<\/p>","protected":false},"excerpt":{"rendered":"<p>A la veille de la publication de son livre, Fran\u00e7ois Hollande affirme qu&rsquo;il \u00ab\u00a0porte un projet\u00a0\u00bb, mercredi sur France Inter, tout en r\u00e9p\u00e9tant qu&rsquo;il n&rsquo;\u00e9tait \u00ab\u00a0pas candidat aujourd&rsquo;hui\u00a0\u00bb.<\/p>\n","protected":false},"author":2,"featured_media":527665,"comment_status":"","ping_status":"closed","sticky":false,"template":"","format":"standard","meta":{"footnotes":""},"categories":[106],"tags":[],"class_list":["post-527664","post","type-post","status-publish","format-standard","has-post-thumbnail","hentry","category-actualites"],"_links":{"self":[{"href":"https:\/\/info-des-communes.fr\/index.php?rest_route=\/wp\/v2\/posts\/527664","targetHints":{"allow":["GET"]}}],"collection":[{"href":"https:\/\/info-des-communes.fr\/index.php?rest_route=\/wp\/v2\/posts"}],"about":[{"href":"https:\/\/info-des-communes.fr\/index.php?rest_route=\/wp\/v2\/types\/post"}],"author":[{"embeddable":true,"href":"https:\/\/info-des-communes.fr\/index.php?rest_route=\/wp\/v2\/users\/2"}],"replies":[{"embeddable":true,"href":"https:\/\/info-des-communes.fr\/index.php?rest_route=%2Fwp%2Fv2%2Fcomments&post=527664"}],"version-history":[{"count":0,"href":"https:\/\/info-des-communes.fr\/index.php?rest_route=\/wp\/v2\/posts\/527664\/revisions"}],"wp:featuredmedia":[{"embeddable":true,"href":"https:\/\/info-des-communes.fr\/index.php?rest_route=\/wp\/v2\/media\/527665"}],"wp:attachment":[{"href":"https:\/\/info-des-communes.fr\/index.php?rest_route=%2Fwp%2Fv2%2Fmedia&parent=527664"}],"wp:term":[{"taxonomy":"category","embeddable":true,"href":"https:\/\/info-des-communes.fr\/index.php?rest_route=%2Fwp%2Fv2%2Fcategories&post=527664"},{"taxonomy":"post_tag","embeddable":true,"href":"https:\/\/info-des-communes.fr\/index.php?rest_route=%2Fwp%2Fv2%2Ftags&post=527664"}],"curies":[{"name":"wp","href":"https:\/\/api.w.org\/{rel}","templated":true}]}}