{"id":527662,"date":"2026-09-02T11:32:32","date_gmt":"2026-09-02T09:32:32","guid":{"rendered":"https:\/\/info-des-communes.fr\/?p=527662"},"modified":"2026-09-02T11:32:32","modified_gmt":"2026-09-02T09:32:32","slug":"sur-certaines-varietes-on-est-a-100-de-perte-au-marche-de-rungis-les-effets-de-lete-caniculaire-se-font-sentir","status":"publish","type":"post","link":"https:\/\/info-des-communes.fr\/?p=527662","title":{"rendered":"\u00ab\u00a0Sur certaines vari\u00e9t\u00e9s, on est \u00e0 100% de perte\u00a0\u00bb : au march\u00e9 de Rungis, les effets de l\u2019\u00e9t\u00e9 caniculaire se font sentir"},"content":{"rendered":"<p>Les fortes chaleurs et la s\u00e9cheresse de cet \u00e9t\u00e9 ont fortement perturb\u00e9 les r\u00e9coltes, avec des fruits et l\u00e9gumes plus petits et certaines productions en nette baisse. \u00c0 Rungis, producteurs, grossistes et primeurs s\u2019adaptent entre hausse des prix, recours aux importations et craintes pour les r\u00e9coltes \u00e0 venir.<\/p>","protected":false},"excerpt":{"rendered":"<p>Les fortes chaleurs et la s\u00e9cheresse de cet \u00e9t\u00e9 ont fortement perturb\u00e9 les r\u00e9coltes, avec des fruits et l\u00e9gumes plus petits et certaines productions en nette baisse. \u00c0 Rungis, producteurs, [&hellip;]<\/p>\n","protected":false},"author":2,"featured_media":527663,"comment_status":"","ping_status":"closed","sticky":false,"template":"","format":"standard","meta":{"footnotes":""},"categories":[106],"tags":[],"class_list":["post-527662","post","type-post","status-publish","format-standard","has-post-thumbnail","hentry","category-actualites"],"_links":{"self":[{"href":"https:\/\/info-des-communes.fr\/index.php?rest_route=\/wp\/v2\/posts\/527662","targetHints":{"allow":["GET"]}}],"collection":[{"href":"https:\/\/info-des-communes.fr\/index.php?rest_route=\/wp\/v2\/posts"}],"about":[{"href":"https:\/\/info-des-communes.fr\/index.php?rest_route=\/wp\/v2\/types\/post"}],"author":[{"embeddable":true,"href":"https:\/\/info-des-communes.fr\/index.php?rest_route=\/wp\/v2\/users\/2"}],"replies":[{"embeddable":true,"href":"https:\/\/info-des-communes.fr\/index.php?rest_route=%2Fwp%2Fv2%2Fcomments&post=527662"}],"version-history":[{"count":0,"href":"https:\/\/info-des-communes.fr\/index.php?rest_route=\/wp\/v2\/posts\/527662\/revisions"}],"wp:featuredmedia":[{"embeddable":true,"href":"https:\/\/info-des-communes.fr\/index.php?rest_route=\/wp\/v2\/media\/527663"}],"wp:attachment":[{"href":"https:\/\/info-des-communes.fr\/index.php?rest_route=%2Fwp%2Fv2%2Fmedia&parent=527662"}],"wp:term":[{"taxonomy":"category","embeddable":true,"href":"https:\/\/info-des-communes.fr\/index.php?rest_route=%2Fwp%2Fv2%2Fcategories&post=527662"},{"taxonomy":"post_tag","embeddable":true,"href":"https:\/\/info-des-communes.fr\/index.php?rest_route=%2Fwp%2Fv2%2Ftags&post=527662"}],"curies":[{"name":"wp","href":"https:\/\/api.w.org\/{rel}","templated":true}]}}