{"id":527654,"date":"2026-09-02T06:00:01","date_gmt":"2026-09-02T04:00:01","guid":{"rendered":"https:\/\/info-des-communes.fr\/?p=527654"},"modified":"2026-09-02T06:00:01","modified_gmt":"2026-09-02T04:00:01","slug":"pourquoi-les-clubs-francais-ont-ils-autant-vendu-et-tres-peu-achete-cet-ete-sur-le-marche-des-transferts","status":"publish","type":"post","link":"https:\/\/info-des-communes.fr\/?p=527654","title":{"rendered":"Pourquoi les clubs fran\u00e7ais ont-ils autant vendu &#8211; et tr\u00e8s peu achet\u00e9 &#8211; cet \u00e9t\u00e9 sur le march\u00e9 des transferts ?"},"content":{"rendered":"<p>Le mercato estival a tir\u00e9 le rideau en France, mardi \u00e0 20 heures, avec un record de ventes, d\u00e9passant le milliard d&rsquo;euros.<\/p>","protected":false},"excerpt":{"rendered":"<p>Le mercato estival a tir\u00e9 le rideau en France, mardi \u00e0 20 heures, avec un record de ventes, d\u00e9passant le milliard d&rsquo;euros.<\/p>\n","protected":false},"author":2,"featured_media":527655,"comment_status":"","ping_status":"closed","sticky":false,"template":"","format":"standard","meta":{"footnotes":""},"categories":[106],"tags":[],"class_list":["post-527654","post","type-post","status-publish","format-standard","has-post-thumbnail","hentry","category-actualites"],"_links":{"self":[{"href":"https:\/\/info-des-communes.fr\/index.php?rest_route=\/wp\/v2\/posts\/527654","targetHints":{"allow":["GET"]}}],"collection":[{"href":"https:\/\/info-des-communes.fr\/index.php?rest_route=\/wp\/v2\/posts"}],"about":[{"href":"https:\/\/info-des-communes.fr\/index.php?rest_route=\/wp\/v2\/types\/post"}],"author":[{"embeddable":true,"href":"https:\/\/info-des-communes.fr\/index.php?rest_route=\/wp\/v2\/users\/2"}],"replies":[{"embeddable":true,"href":"https:\/\/info-des-communes.fr\/index.php?rest_route=%2Fwp%2Fv2%2Fcomments&post=527654"}],"version-history":[{"count":0,"href":"https:\/\/info-des-communes.fr\/index.php?rest_route=\/wp\/v2\/posts\/527654\/revisions"}],"wp:featuredmedia":[{"embeddable":true,"href":"https:\/\/info-des-communes.fr\/index.php?rest_route=\/wp\/v2\/media\/527655"}],"wp:attachment":[{"href":"https:\/\/info-des-communes.fr\/index.php?rest_route=%2Fwp%2Fv2%2Fmedia&parent=527654"}],"wp:term":[{"taxonomy":"category","embeddable":true,"href":"https:\/\/info-des-communes.fr\/index.php?rest_route=%2Fwp%2Fv2%2Fcategories&post=527654"},{"taxonomy":"post_tag","embeddable":true,"href":"https:\/\/info-des-communes.fr\/index.php?rest_route=%2Fwp%2Fv2%2Ftags&post=527654"}],"curies":[{"name":"wp","href":"https:\/\/api.w.org\/{rel}","templated":true}]}}